{"id":13756,"date":"2025-07-30T18:26:08","date_gmt":"2025-07-30T16:26:08","guid":{"rendered":"http:\/\/heimatverein.he-webpack.de\/?p=13756"},"modified":"2025-07-30T18:27:57","modified_gmt":"2025-07-30T16:27:57","slug":"inselgruesse-2","status":"publish","type":"post","link":"http:\/\/heimatverein.he-webpack.de\/?p=13756","title":{"rendered":"Inselgr\u00fc\u00dfe"},"content":{"rendered":"<p><a href=\"http:\/\/heimatverein.he-webpack.de\/wp-content\/uploads\/2025\/07\/1000162126-scaled-e1753891972673.jpg\" rel=\"lightbox[13756]\"><img loading=\"lazy\" decoding=\"async\" src=\"http:\/\/heimatverein.he-webpack.de\/wp-content\/uploads\/2025\/07\/1000162126-scaled-e1753891972673-200x150.jpg\" alt=\"\" width=\"200\" height=\"150\" class=\"alignright size-thumbnail wp-image-13742\" \/><\/a>30.07.2025 TG &#8211; In den letzten Wochen ist an und in der Dr\u00e4nke viel passiert. Es wurden nach und nach Wasserlilien entfernt, so dass man die Insel wieder vom Wasser unterscheiden konnte. Feldsteine in s\u00e4mtlichen Gr\u00f6\u00dfen wurden gesammelt und herangekarrt. Und gestern ging es richtig zur Sachen. Am Vormittag wurde die Insel ges\u00e4ubert und vom &#8222;Unkraut&#8220; befreit. Der Weide auf der Insel wurde um ein paar \u00c4stchen erleichtert, so dass sie wieder als Baum und nicht als Geb\u00fcsch erkennbar ist. <\/p>\n<p><a href=\"http:\/\/heimatverein.he-webpack.de\/wp-content\/uploads\/2025\/07\/1000162086-scaled-e1753892104135.jpg\" rel=\"lightbox[13756]\"><img loading=\"lazy\" decoding=\"async\" src=\"http:\/\/heimatverein.he-webpack.de\/wp-content\/uploads\/2025\/07\/1000162086-scaled-e1753892104135-200x150.jpg\" alt=\"\" width=\"200\" height=\"150\" class=\"alignleft size-thumbnail wp-image-13738\" \/><\/a> Am Nachmittag wurde dann mit tatkr\u00e4ftiger Unterst\u00fctzung einiger Freiwilliger die Insel mit Steinen gesichert und umrandet. Tonnen an Feldsteinen wurden auf und um die Insel verlegt. Das Ergebnis kann sich sehen lassen.<\/p>\n<p>Ein dickes Danksch\u00f6n an alle Freiwilligen und an alle treuen Heimatvereinverbundende, die zwar nicht mehr in der Lage sind uns bei den schweren Arbeiten zu unterst\u00fctzen, aber dennoch vor Ort waren, um uns mit aufmunternden Worten die Arbeit zu erleichtern. <\/p>\n","protected":false},"excerpt":{"rendered":"<p>30.07.2025 TG &#8211; In den letzten Wochen ist an und in der Dr\u00e4nke viel passiert. Es wurden nach und nach Wasserlilien entfernt, so dass man die Insel wieder vom Wasser unterscheiden konnte. Feldsteine in s\u00e4mtlichen Gr\u00f6\u00dfen wurden gesammelt und herangekarrt. Und gestern ging es richtig zur Sachen. Am Vormittag wurde die Insel ges\u00e4ubert und vom [&#8230;]<\/p>\n","protected":false},"author":2,"featured_media":0,"comment_status":"closed","ping_status":"open","sticky":false,"template":"","format":"standard","meta":{"ngg_post_thumbnail":0,"footnotes":""},"categories":[3],"tags":[],"class_list":["post-13756","post","type-post","status-publish","format-standard","hentry","category-neuigkeiten","odd"],"_links":{"self":[{"href":"http:\/\/heimatverein.he-webpack.de\/index.php?rest_route=\/wp\/v2\/posts\/13756","targetHints":{"allow":["GET"]}}],"collection":[{"href":"http:\/\/heimatverein.he-webpack.de\/index.php?rest_route=\/wp\/v2\/posts"}],"about":[{"href":"http:\/\/heimatverein.he-webpack.de\/index.php?rest_route=\/wp\/v2\/types\/post"}],"author":[{"embeddable":true,"href":"http:\/\/heimatverein.he-webpack.de\/index.php?rest_route=\/wp\/v2\/users\/2"}],"replies":[{"embeddable":true,"href":"http:\/\/heimatverein.he-webpack.de\/index.php?rest_route=%2Fwp%2Fv2%2Fcomments&post=13756"}],"version-history":[{"count":2,"href":"http:\/\/heimatverein.he-webpack.de\/index.php?rest_route=\/wp\/v2\/posts\/13756\/revisions"}],"predecessor-version":[{"id":13758,"href":"http:\/\/heimatverein.he-webpack.de\/index.php?rest_route=\/wp\/v2\/posts\/13756\/revisions\/13758"}],"wp:attachment":[{"href":"http:\/\/heimatverein.he-webpack.de\/index.php?rest_route=%2Fwp%2Fv2%2Fmedia&parent=13756"}],"wp:term":[{"taxonomy":"category","embeddable":true,"href":"http:\/\/heimatverein.he-webpack.de\/index.php?rest_route=%2Fwp%2Fv2%2Fcategories&post=13756"},{"taxonomy":"post_tag","embeddable":true,"href":"http:\/\/heimatverein.he-webpack.de\/index.php?rest_route=%2Fwp%2Fv2%2Ftags&post=13756"}],"curies":[{"name":"wp","href":"https:\/\/api.w.org\/{rel}","templated":true}]}}