{"id":13734,"date":"2025-07-30T16:45:25","date_gmt":"2025-07-30T14:45:25","guid":{"rendered":"http:\/\/heimatverein.he-webpack.de\/?p=13734"},"modified":"2025-09-14T20:41:14","modified_gmt":"2025-09-14T18:41:14","slug":"baum-challenge-2","status":"publish","type":"post","link":"http:\/\/heimatverein.he-webpack.de\/?p=13734","title":{"rendered":"Baum Challenge"},"content":{"rendered":"<p>30.07.2025 &#8211; Nachtrag Baum-Challenge. &#8211; Auch wir wurden durch den Heimatverein Esterwegen nominiert an der Aktion teilzunehmen.<br \/>\nWir sind gerne der Aufforderung nachgekommen und haben einen Kirschbaum beim Heimathaus gepflanzt. Somit stehen aktuell 3 Obstb\u00e4ume aus den Altbestand und 3 neue Anpflanzungen von Obstb\u00e4umen aus dem Heimathof. Die Fr\u00fcchte, welche hoffentlich bald an den B\u00e4umen wachsen, k\u00f6nnen von Wanderern gerne als Reiseverzehr genutzt werden.<\/p>\n<p>Unsererseits haben wir die ev. lut. Markusgemeinde S\u00f6gel, den Pfarrgemeinderat B\u00f6rger und das Josef-Stift B\u00f6rger nominiert. Alle Nominierten sind unverz\u00fcglich ans Werk gegangen und haben ihren Baum gepflanzt. Vielen Dank an alle beteiligten und pflanzwilligen Vereine, Gruppen, Institutionen, Nachbarschaften, Firmen usw. f\u00fcr euren nachhaltigen Einsatz.&nbsp;<\/p>\n<p>&nbsp;<\/p>\n","protected":false},"excerpt":{"rendered":"<p>30.07.2025 &#8211; Nachtrag Baum-Challenge. &#8211; Auch wir wurden durch den Heimatverein Esterwegen nominiert an der Aktion teilzunehmen. Wir sind gerne der Aufforderung nachgekommen und haben einen Kirschbaum beim Heimathaus gepflanzt. Somit stehen aktuell 3 Obstb\u00e4ume aus den Altbestand und 3 neue Anpflanzungen von Obstb\u00e4umen aus dem Heimathof. Die Fr\u00fcchte, welche hoffentlich bald an den B\u00e4umen [&#8230;]<\/p>\n","protected":false},"author":20,"featured_media":13735,"comment_status":"closed","ping_status":"open","sticky":false,"template":"","format":"standard","meta":{"ngg_post_thumbnail":0,"footnotes":""},"categories":[3],"tags":[],"class_list":["post-13734","post","type-post","status-publish","format-standard","has-post-thumbnail","hentry","category-neuigkeiten","odd"],"_links":{"self":[{"href":"http:\/\/heimatverein.he-webpack.de\/index.php?rest_route=\/wp\/v2\/posts\/13734","targetHints":{"allow":["GET"]}}],"collection":[{"href":"http:\/\/heimatverein.he-webpack.de\/index.php?rest_route=\/wp\/v2\/posts"}],"about":[{"href":"http:\/\/heimatverein.he-webpack.de\/index.php?rest_route=\/wp\/v2\/types\/post"}],"author":[{"embeddable":true,"href":"http:\/\/heimatverein.he-webpack.de\/index.php?rest_route=\/wp\/v2\/users\/20"}],"replies":[{"embeddable":true,"href":"http:\/\/heimatverein.he-webpack.de\/index.php?rest_route=%2Fwp%2Fv2%2Fcomments&post=13734"}],"version-history":[{"count":3,"href":"http:\/\/heimatverein.he-webpack.de\/index.php?rest_route=\/wp\/v2\/posts\/13734\/revisions"}],"predecessor-version":[{"id":13764,"href":"http:\/\/heimatverein.he-webpack.de\/index.php?rest_route=\/wp\/v2\/posts\/13734\/revisions\/13764"}],"wp:featuredmedia":[{"embeddable":true,"href":"http:\/\/heimatverein.he-webpack.de\/index.php?rest_route=\/wp\/v2\/media\/13735"}],"wp:attachment":[{"href":"http:\/\/heimatverein.he-webpack.de\/index.php?rest_route=%2Fwp%2Fv2%2Fmedia&parent=13734"}],"wp:term":[{"taxonomy":"category","embeddable":true,"href":"http:\/\/heimatverein.he-webpack.de\/index.php?rest_route=%2Fwp%2Fv2%2Fcategories&post=13734"},{"taxonomy":"post_tag","embeddable":true,"href":"http:\/\/heimatverein.he-webpack.de\/index.php?rest_route=%2Fwp%2Fv2%2Ftags&post=13734"}],"curies":[{"name":"wp","href":"https:\/\/api.w.org\/{rel}","templated":true}]}}