{"id":13718,"date":"2025-07-18T17:54:22","date_gmt":"2025-07-18T15:54:22","guid":{"rendered":"http:\/\/heimatverein.he-webpack.de\/?p=13718"},"modified":"2025-07-18T18:00:07","modified_gmt":"2025-07-18T16:00:07","slug":"idylle-am-dorfteich","status":"publish","type":"post","link":"http:\/\/heimatverein.he-webpack.de\/?p=13718","title":{"rendered":"Idylle am Dorfteich"},"content":{"rendered":"<p><a href=\"http:\/\/heimatverein.he-webpack.de\/wp-content\/uploads\/2025\/07\/Wandergrp-Ue50-900.jpg\" rel=\"lightbox[13718]\"><img loading=\"lazy\" decoding=\"async\" src=\"http:\/\/heimatverein.he-webpack.de\/wp-content\/uploads\/2025\/07\/Wandergrp-Ue50-900-200x150.jpg\" alt=\"\" width=\"200\" height=\"150\" class=\"alignright size-thumbnail wp-image-13719\" srcset=\"http:\/\/heimatverein.he-webpack.de\/wp-content\/uploads\/2025\/07\/Wandergrp-Ue50-900-200x150.jpg 200w, http:\/\/heimatverein.he-webpack.de\/wp-content\/uploads\/2025\/07\/Wandergrp-Ue50-900-300x225.jpg 300w, http:\/\/heimatverein.he-webpack.de\/wp-content\/uploads\/2025\/07\/Wandergrp-Ue50-900-768x575.jpg 768w, http:\/\/heimatverein.he-webpack.de\/wp-content\/uploads\/2025\/07\/Wandergrp-Ue50-900-150x112.jpg 150w, http:\/\/heimatverein.he-webpack.de\/wp-content\/uploads\/2025\/07\/Wandergrp-Ue50-900-400x300.jpg 400w, http:\/\/heimatverein.he-webpack.de\/wp-content\/uploads\/2025\/07\/Wandergrp-Ue50-900.jpg 900w\" sizes=\"auto, (max-width: 200px) 100vw, 200px\" \/><\/a> 17.07.2025 UB &#8211; Einen sch\u00f6nen Wandertag unternahm die Gruppe &#8222;49ontop.emsland&#8220; aus Hasel\u00fcnne und Umgebung, am Sonntag 13. Juli 2025. Man startete, so die Gruppe (Frau Rahe): &#8222;von den Dorfteichen in B\u00f6rger zu einer 12km langen Rundwanderung. \u00dcber sandige Wege f\u00fchrt der Weg durch das Waldland im Norden B\u00f6rgers zu einer Landschaft, die einst pr\u00e4gend f\u00fcr den H\u00fcmmling war: ein Wacholderhain inmitten einer Heidelandschaft. Unweit dieses malerischen Lebensraumes l\u00e4dt der historische Schafstall zu unserer Mittagspause ein.<\/p>\n<p>Als Abschlu\u00df der Wanderung freute man sich, als G\u00e4ste des Heimatvereins B\u00f6rger am \u201ePlattproter Cafe\u201c teilnehmen zu d\u00fcrfen. Beim Gang durch das liebevoll gestaltete Heimatmuseum wurde die umfangreiche Sammlung historischer haus- und landwirtschaftlicher Ger\u00e4te begutachtet&#8220;.<\/p>\n","protected":false},"excerpt":{"rendered":"<p> 17.07.2025 UB &#8211; Einen sch\u00f6nen Wandertag unternahm die Gruppe &#8222;49ontop.emsland&#8220; aus Hasel\u00fcnne und Umgebung, am Sonntag 13. Juli 2025. Man startete, so die Gruppe (Frau Rahe): &#8222;von den Dorfteichen in B\u00f6rger zu einer 12km langen Rundwanderung. \u00dcber sandige Wege f\u00fchrt der Weg durch das Waldland im Norden B\u00f6rgers zu einer Landschaft, die einst pr\u00e4gend [&#8230;]<\/p>\n","protected":false},"author":2,"featured_media":0,"comment_status":"closed","ping_status":"open","sticky":false,"template":"","format":"standard","meta":{"ngg_post_thumbnail":0,"footnotes":""},"categories":[3],"tags":[],"class_list":["post-13718","post","type-post","status-publish","format-standard","hentry","category-neuigkeiten","odd"],"_links":{"self":[{"href":"http:\/\/heimatverein.he-webpack.de\/index.php?rest_route=\/wp\/v2\/posts\/13718","targetHints":{"allow":["GET"]}}],"collection":[{"href":"http:\/\/heimatverein.he-webpack.de\/index.php?rest_route=\/wp\/v2\/posts"}],"about":[{"href":"http:\/\/heimatverein.he-webpack.de\/index.php?rest_route=\/wp\/v2\/types\/post"}],"author":[{"embeddable":true,"href":"http:\/\/heimatverein.he-webpack.de\/index.php?rest_route=\/wp\/v2\/users\/2"}],"replies":[{"embeddable":true,"href":"http:\/\/heimatverein.he-webpack.de\/index.php?rest_route=%2Fwp%2Fv2%2Fcomments&post=13718"}],"version-history":[{"count":5,"href":"http:\/\/heimatverein.he-webpack.de\/index.php?rest_route=\/wp\/v2\/posts\/13718\/revisions"}],"predecessor-version":[{"id":13724,"href":"http:\/\/heimatverein.he-webpack.de\/index.php?rest_route=\/wp\/v2\/posts\/13718\/revisions\/13724"}],"wp:attachment":[{"href":"http:\/\/heimatverein.he-webpack.de\/index.php?rest_route=%2Fwp%2Fv2%2Fmedia&parent=13718"}],"wp:term":[{"taxonomy":"category","embeddable":true,"href":"http:\/\/heimatverein.he-webpack.de\/index.php?rest_route=%2Fwp%2Fv2%2Fcategories&post=13718"},{"taxonomy":"post_tag","embeddable":true,"href":"http:\/\/heimatverein.he-webpack.de\/index.php?rest_route=%2Fwp%2Fv2%2Ftags&post=13718"}],"curies":[{"name":"wp","href":"https:\/\/api.w.org\/{rel}","templated":true}]}}