{"id":13668,"date":"2025-07-09T08:12:38","date_gmt":"2025-07-09T06:12:38","guid":{"rendered":"http:\/\/heimatverein.he-webpack.de\/?p=13668"},"modified":"2025-07-13T11:20:27","modified_gmt":"2025-07-13T09:20:27","slug":"ferienpassaktion-2025","status":"publish","type":"post","link":"http:\/\/heimatverein.he-webpack.de\/?p=13668","title":{"rendered":"H\u00fcmmlinger Ferien(s)pa\u00dfaktion 2025"},"content":{"rendered":"<p><a href=\"http:\/\/heimatverein.he-webpack.de\/wp-content\/uploads\/2025\/07\/1.-Ferienpassaktion-900.jpg\" rel=\"lightbox[13668]\"><img loading=\"lazy\" decoding=\"async\" src=\"http:\/\/heimatverein.he-webpack.de\/wp-content\/uploads\/2025\/07\/1.-Ferienpassaktion-900-200x150.jpg\" alt=\"\" width=\"200\" height=\"150\" class=\"alignleft size-thumbnail wp-image-13661\" srcset=\"http:\/\/heimatverein.he-webpack.de\/wp-content\/uploads\/2025\/07\/1.-Ferienpassaktion-900-200x150.jpg 200w, http:\/\/heimatverein.he-webpack.de\/wp-content\/uploads\/2025\/07\/1.-Ferienpassaktion-900-300x226.jpg 300w, http:\/\/heimatverein.he-webpack.de\/wp-content\/uploads\/2025\/07\/1.-Ferienpassaktion-900-768x578.jpg 768w, http:\/\/heimatverein.he-webpack.de\/wp-content\/uploads\/2025\/07\/1.-Ferienpassaktion-900-150x113.jpg 150w, http:\/\/heimatverein.he-webpack.de\/wp-content\/uploads\/2025\/07\/1.-Ferienpassaktion-900-400x301.jpg 400w, http:\/\/heimatverein.he-webpack.de\/wp-content\/uploads\/2025\/07\/1.-Ferienpassaktion-900.jpg 900w\" sizes=\"auto, (max-width: 200px) 100vw, 200px\" \/><\/a>08.07.2025 UB &#8211; <\/p>\n<p>Jetzt Anfang der Sommerferien fand auf dem Heimathof wieder die beliebte Bastelaktion f\u00fcr Schulkinder die vom Heimatverein B\u00f6rger organisiert ist. Henry van der Kamp und Team hatte die Idee Eichh\u00f6rnchenh\u00f6hlen zu bauen. Sie bereiteten die Aktion vor. Schon in den letzten Jahren sind verschiedene Vogelk\u00e4sten, Fledermaus- und Schmettlingsk\u00e4sten durch Kinderh\u00e4nde entstanden. Die erste Gruppe in diesem Jahr war am 07. Juli auf dem Heimathof.<a href=\"http:\/\/heimatverein.he-webpack.de\/wp-content\/uploads\/2025\/07\/Ferienpassaktion900-2.Grp_.jpg\" rel=\"lightbox[13668]\"><img loading=\"lazy\" decoding=\"async\" src=\"http:\/\/heimatverein.he-webpack.de\/wp-content\/uploads\/2025\/07\/Ferienpassaktion900-2.Grp_-200x150.jpg\" alt=\"\" width=\"200\" height=\"150\" class=\"alignright size-thumbnail wp-image-13684\" \/><\/a> Am 09. Juli 2025 war die zweite Gruppe da.<\/p>\n<p><strong>Die Kinder waren mit Begeisterung dabei<\/strong> <\/p>\n<p>und zeigten ihr K\u00f6nnen unter Anleitung der Betreuer. Zum Abschlu\u00df gab es noch ein Erfrischungsgetr\u00e4nk und eine Leckerei vom Grill. Man konnte den selbstgebastelten Kasten mit nach Hause nehmen. Die Volksbank Nordh\u00fcmmling sponserte diese Aktion des HV B\u00f6rger. Unser Bild hier oben\/links zeigt die 1. Gruppe und Mitglieder des Heimatverein B\u00f6rger (Foto: Herm. T\u00f6bben). Das Bild rechts zeigt die 2. Gruppe mit Heidrun Lohrmeier und Kerstin Schomakers von der Volksbank sowie die Betreuer des Heimatvereines (Foto: UB).<\/p>\n","protected":false},"excerpt":{"rendered":"<p>08.07.2025 UB &#8211; <\/p>\n<p>Jetzt Anfang der Sommerferien fand auf dem Heimathof wieder die beliebte Bastelaktion f\u00fcr Schulkinder die vom Heimatverein B\u00f6rger organisiert ist. Henry van der Kamp und Team hatte die Idee Eichh\u00f6rnchenh\u00f6hlen zu bauen. Sie bereiteten die Aktion vor. Schon in den letzten Jahren sind verschiedene Vogelk\u00e4sten, Fledermaus- und Schmettlingsk\u00e4sten durch Kinderh\u00e4nde entstanden. [&#8230;]<\/p>\n","protected":false},"author":2,"featured_media":0,"comment_status":"closed","ping_status":"open","sticky":false,"template":"","format":"standard","meta":{"ngg_post_thumbnail":0,"footnotes":""},"categories":[3],"tags":[],"class_list":["post-13668","post","type-post","status-publish","format-standard","hentry","category-neuigkeiten","odd"],"_links":{"self":[{"href":"http:\/\/heimatverein.he-webpack.de\/index.php?rest_route=\/wp\/v2\/posts\/13668","targetHints":{"allow":["GET"]}}],"collection":[{"href":"http:\/\/heimatverein.he-webpack.de\/index.php?rest_route=\/wp\/v2\/posts"}],"about":[{"href":"http:\/\/heimatverein.he-webpack.de\/index.php?rest_route=\/wp\/v2\/types\/post"}],"author":[{"embeddable":true,"href":"http:\/\/heimatverein.he-webpack.de\/index.php?rest_route=\/wp\/v2\/users\/2"}],"replies":[{"embeddable":true,"href":"http:\/\/heimatverein.he-webpack.de\/index.php?rest_route=%2Fwp%2Fv2%2Fcomments&post=13668"}],"version-history":[{"count":23,"href":"http:\/\/heimatverein.he-webpack.de\/index.php?rest_route=\/wp\/v2\/posts\/13668\/revisions"}],"predecessor-version":[{"id":13700,"href":"http:\/\/heimatverein.he-webpack.de\/index.php?rest_route=\/wp\/v2\/posts\/13668\/revisions\/13700"}],"wp:attachment":[{"href":"http:\/\/heimatverein.he-webpack.de\/index.php?rest_route=%2Fwp%2Fv2%2Fmedia&parent=13668"}],"wp:term":[{"taxonomy":"category","embeddable":true,"href":"http:\/\/heimatverein.he-webpack.de\/index.php?rest_route=%2Fwp%2Fv2%2Fcategories&post=13668"},{"taxonomy":"post_tag","embeddable":true,"href":"http:\/\/heimatverein.he-webpack.de\/index.php?rest_route=%2Fwp%2Fv2%2Ftags&post=13668"}],"curies":[{"name":"wp","href":"https:\/\/api.w.org\/{rel}","templated":true}]}}