{"id":13581,"date":"2025-05-18T15:38:00","date_gmt":"2025-05-18T13:38:00","guid":{"rendered":"http:\/\/heimatverein.he-webpack.de\/?p=13581"},"modified":"2025-07-09T08:41:36","modified_gmt":"2025-07-09T06:41:36","slug":"ertuechtigung-des-wacholderhain","status":"publish","type":"post","link":"http:\/\/heimatverein.he-webpack.de\/?p=13581","title":{"rendered":"Ert\u00fcchtigung des Wacholderhain"},"content":{"rendered":"<p><a href=\"http:\/\/heimatverein.he-webpack.de\/wp-content\/uploads\/2025\/05\/Ubben-Schafstall-900-Mai-2025.jpg\" rel=\"lightbox[13581]\"><img loading=\"lazy\" decoding=\"async\" src=\"http:\/\/heimatverein.he-webpack.de\/wp-content\/uploads\/2025\/05\/Ubben-Schafstall-900-Mai-2025-200x150.jpg\" alt=\"\" width=\"200\" height=\"150\" class=\"alignleft size-thumbnail wp-image-13582\" srcset=\"http:\/\/heimatverein.he-webpack.de\/wp-content\/uploads\/2025\/05\/Ubben-Schafstall-900-Mai-2025-200x150.jpg 200w, http:\/\/heimatverein.he-webpack.de\/wp-content\/uploads\/2025\/05\/Ubben-Schafstall-900-Mai-2025-300x225.jpg 300w, http:\/\/heimatverein.he-webpack.de\/wp-content\/uploads\/2025\/05\/Ubben-Schafstall-900-Mai-2025-768x576.jpg 768w, http:\/\/heimatverein.he-webpack.de\/wp-content\/uploads\/2025\/05\/Ubben-Schafstall-900-Mai-2025-150x113.jpg 150w, http:\/\/heimatverein.he-webpack.de\/wp-content\/uploads\/2025\/05\/Ubben-Schafstall-900-Mai-2025-400x300.jpg 400w, http:\/\/heimatverein.he-webpack.de\/wp-content\/uploads\/2025\/05\/Ubben-Schafstall-900-Mai-2025.jpg 900w\" sizes=\"auto, (max-width: 200px) 100vw, 200px\" \/><\/a>18.05.2025 UB &#8211; In einer Aktion des Rates der Gemeinde B\u00f6rger aus dem Jahre 2024, sollte das Naturschutzgebiet Wacholderhain mit Hilfe des Landkreises Emsland und des Naturparks H\u00fcmmling mit einem Leader-Projekt verbessert werden. Das hat leider nicht geklappt. Die Gemeinde B\u00f6rger sprang aber ein und \u00fcbernahm dann einige Aufgaben und Kosten. Der Parkplatz ist Ende 2024 mit einem neuen Schotterbett versehen worden. Das war der Anfang. Hier fehlen aber noch eine Aufarbeitung und Hinweistafeln. Zudem muss in eine zweiten Aktion Totholz aus den B\u00e4umen entfernt werden.<\/p>\n<p><a href=\"http:\/\/heimatverein.he-webpack.de\/wp-content\/uploads\/2025\/05\/Sitzgelegenheit-Wacholderh-900.jpg\" rel=\"lightbox[13581]\"><img loading=\"lazy\" decoding=\"async\" src=\"http:\/\/heimatverein.he-webpack.de\/wp-content\/uploads\/2025\/05\/Sitzgelegenheit-Wacholderh-900-200x150.jpg\" alt=\"\" width=\"200\" height=\"150\" class=\"alignright size-thumbnail wp-image-13678\" srcset=\"http:\/\/heimatverein.he-webpack.de\/wp-content\/uploads\/2025\/05\/Sitzgelegenheit-Wacholderh-900-200x150.jpg 200w, http:\/\/heimatverein.he-webpack.de\/wp-content\/uploads\/2025\/05\/Sitzgelegenheit-Wacholderh-900-300x225.jpg 300w, http:\/\/heimatverein.he-webpack.de\/wp-content\/uploads\/2025\/05\/Sitzgelegenheit-Wacholderh-900-768x576.jpg 768w, http:\/\/heimatverein.he-webpack.de\/wp-content\/uploads\/2025\/05\/Sitzgelegenheit-Wacholderh-900-150x113.jpg 150w, http:\/\/heimatverein.he-webpack.de\/wp-content\/uploads\/2025\/05\/Sitzgelegenheit-Wacholderh-900-400x300.jpg 400w, http:\/\/heimatverein.he-webpack.de\/wp-content\/uploads\/2025\/05\/Sitzgelegenheit-Wacholderh-900.jpg 900w\" sizes=\"auto, (max-width: 200px) 100vw, 200px\" \/><\/a>Beim Schafstall und am Wacholderhein sollten Ruheb\u00e4nke, Tische und Infotafeln aufgestellt werden. Des Weiteren sollte der Buschbewuchs rund um den Schafstall zur\u00fcckgeschnitten werden. Diese Aktion l\u00e4uft auch noch 2025 durch Arbeiten des Naturparkes H\u00fcmmling und des Grundst\u00fcckbesitzers. Dieses soll geschehen, damit das Reetdach durch Windzug nicht so schnell verrottet. <\/p>\n<p>Nun im Fr\u00fchjahr hat eine Aktion stattgefunden, die Anfang 2024 schon angedacht war. Man hat das Schafstalldach &#8222;gek\u00e4mmt&#8220; und den Kopf wieder neu aufgesetzt. Es wurden endlich Infotafeln und Sitzgelegenheiten aufgebaut. Aber die Aktion, den Wacholderhain attraktiv zu gestalten mu\u00df weiter gehen. Das Schafstallumfeld und der Parkplatzbewuchs mu\u00df noch ausged\u00fcnnt bzw. von Totholz befreit werden. Der B\u00f6rger Wacholderhain ist ein Kleinod in der H\u00fcmmlinglandschaft. Es ist unser Anliegen ihn sehenswert zu halten. (Foto: Stefan Sievers) &#8211; Nun endlich, endlich geht es weiter!!<\/p>\n","protected":false},"excerpt":{"rendered":"<p>18.05.2025 UB &#8211; In einer Aktion des Rates der Gemeinde B\u00f6rger aus dem Jahre 2024, sollte das Naturschutzgebiet Wacholderhain mit Hilfe des Landkreises Emsland und des Naturparks H\u00fcmmling mit einem Leader-Projekt verbessert werden. Das hat leider nicht geklappt. Die Gemeinde B\u00f6rger sprang aber ein und \u00fcbernahm dann einige Aufgaben und Kosten. Der Parkplatz ist Ende [&#8230;]<\/p>\n","protected":false},"author":2,"featured_media":0,"comment_status":"closed","ping_status":"open","sticky":false,"template":"","format":"standard","meta":{"ngg_post_thumbnail":0,"footnotes":""},"categories":[3],"tags":[],"class_list":["post-13581","post","type-post","status-publish","format-standard","hentry","category-neuigkeiten","odd"],"_links":{"self":[{"href":"http:\/\/heimatverein.he-webpack.de\/index.php?rest_route=\/wp\/v2\/posts\/13581","targetHints":{"allow":["GET"]}}],"collection":[{"href":"http:\/\/heimatverein.he-webpack.de\/index.php?rest_route=\/wp\/v2\/posts"}],"about":[{"href":"http:\/\/heimatverein.he-webpack.de\/index.php?rest_route=\/wp\/v2\/types\/post"}],"author":[{"embeddable":true,"href":"http:\/\/heimatverein.he-webpack.de\/index.php?rest_route=\/wp\/v2\/users\/2"}],"replies":[{"embeddable":true,"href":"http:\/\/heimatverein.he-webpack.de\/index.php?rest_route=%2Fwp%2Fv2%2Fcomments&post=13581"}],"version-history":[{"count":12,"href":"http:\/\/heimatverein.he-webpack.de\/index.php?rest_route=\/wp\/v2\/posts\/13581\/revisions"}],"predecessor-version":[{"id":13680,"href":"http:\/\/heimatverein.he-webpack.de\/index.php?rest_route=\/wp\/v2\/posts\/13581\/revisions\/13680"}],"wp:attachment":[{"href":"http:\/\/heimatverein.he-webpack.de\/index.php?rest_route=%2Fwp%2Fv2%2Fmedia&parent=13581"}],"wp:term":[{"taxonomy":"category","embeddable":true,"href":"http:\/\/heimatverein.he-webpack.de\/index.php?rest_route=%2Fwp%2Fv2%2Fcategories&post=13581"},{"taxonomy":"post_tag","embeddable":true,"href":"http:\/\/heimatverein.he-webpack.de\/index.php?rest_route=%2Fwp%2Fv2%2Ftags&post=13581"}],"curies":[{"name":"wp","href":"https:\/\/api.w.org\/{rel}","templated":true}]}}