{"id":13532,"date":"2025-04-15T10:57:39","date_gmt":"2025-04-15T08:57:39","guid":{"rendered":"http:\/\/heimatverein.he-webpack.de\/?p=13532"},"modified":"2025-04-16T23:53:32","modified_gmt":"2025-04-16T21:53:32","slug":"use-borger-2025","status":"publish","type":"post","link":"http:\/\/heimatverein.he-webpack.de\/?p=13532","title":{"rendered":"Use Borger 2025"},"content":{"rendered":"<p><a href=\"http:\/\/heimatverein.he-webpack.de\/wp-content\/uploads\/2025\/04\/IMG-20250413-WA00023.jpg\" rel=\"lightbox[13532]\"><img loading=\"lazy\" decoding=\"async\" src=\"http:\/\/heimatverein.he-webpack.de\/wp-content\/uploads\/2025\/04\/IMG-20250413-WA00023-200x150.jpg\" alt=\"\" width=\"200\" height=\"150\" class=\"alignleft size-thumbnail wp-image-13522\" \/><\/a>15.04.2025 UB &#8211; <\/p>\n<p>Bei einer ersten Zusammenkunft des AK Geschichte in diesen Tagen, legte man die Artikel der neuen Schrift fest. Die erscheint wie \u00fcblich am Tag vor dem 1. Advent 2025. In diesem Jahr sei man sehr fr\u00fch mit dem 1. Teil (Geschichte aus der Vergangenheit) fertig.  Der 2. Teil (Aktuelles) ist in Arbeit. <\/p>\n<p>F\u00fcr die Schriften ist uns wieder ein sch\u00f6nes Bild der Walkem\u00fchle \u00fcbergeben worden. Herzlichen Dank an die Familie Bruns. Es ist ein Gem\u00e4lde von P. Hucke aus 1953, und zeigt (in k\u00fcnstlerischer Freiheit) die alte Walkem\u00fchle an der Ohe. Und auch unser Werben um neue Autoren und Helfer hat sich ausbezahlt. Dr. Jan-Bernd M\u00fcller ist nun aktives Mitglied unserer  Arbeitsgruppe. Weitere junge Interessenten an der B\u00f6rger Geschichte haben sich auch schon beworben. Sch\u00f6n! &#8211; Es geht weiter &#8230;<\/p>\n","protected":false},"excerpt":{"rendered":"<p>15.04.2025 UB &#8211; <\/p>\n<p>Bei einer ersten Zusammenkunft des AK Geschichte in diesen Tagen, legte man die Artikel der neuen Schrift fest. Die erscheint wie \u00fcblich am Tag vor dem 1. Advent 2025. In diesem Jahr sei man sehr fr\u00fch mit dem 1. Teil (Geschichte aus der Vergangenheit) fertig. Der 2. Teil (Aktuelles) ist in [&#8230;]<\/p>\n","protected":false},"author":2,"featured_media":0,"comment_status":"closed","ping_status":"open","sticky":false,"template":"","format":"standard","meta":{"ngg_post_thumbnail":0,"footnotes":""},"categories":[3],"tags":[],"class_list":["post-13532","post","type-post","status-publish","format-standard","hentry","category-neuigkeiten","odd"],"_links":{"self":[{"href":"http:\/\/heimatverein.he-webpack.de\/index.php?rest_route=\/wp\/v2\/posts\/13532","targetHints":{"allow":["GET"]}}],"collection":[{"href":"http:\/\/heimatverein.he-webpack.de\/index.php?rest_route=\/wp\/v2\/posts"}],"about":[{"href":"http:\/\/heimatverein.he-webpack.de\/index.php?rest_route=\/wp\/v2\/types\/post"}],"author":[{"embeddable":true,"href":"http:\/\/heimatverein.he-webpack.de\/index.php?rest_route=\/wp\/v2\/users\/2"}],"replies":[{"embeddable":true,"href":"http:\/\/heimatverein.he-webpack.de\/index.php?rest_route=%2Fwp%2Fv2%2Fcomments&post=13532"}],"version-history":[{"count":4,"href":"http:\/\/heimatverein.he-webpack.de\/index.php?rest_route=\/wp\/v2\/posts\/13532\/revisions"}],"predecessor-version":[{"id":13538,"href":"http:\/\/heimatverein.he-webpack.de\/index.php?rest_route=\/wp\/v2\/posts\/13532\/revisions\/13538"}],"wp:attachment":[{"href":"http:\/\/heimatverein.he-webpack.de\/index.php?rest_route=%2Fwp%2Fv2%2Fmedia&parent=13532"}],"wp:term":[{"taxonomy":"category","embeddable":true,"href":"http:\/\/heimatverein.he-webpack.de\/index.php?rest_route=%2Fwp%2Fv2%2Fcategories&post=13532"},{"taxonomy":"post_tag","embeddable":true,"href":"http:\/\/heimatverein.he-webpack.de\/index.php?rest_route=%2Fwp%2Fv2%2Ftags&post=13532"}],"curies":[{"name":"wp","href":"https:\/\/api.w.org\/{rel}","templated":true}]}}