{"id":13498,"date":"2025-04-09T10:31:33","date_gmt":"2025-04-09T08:31:33","guid":{"rendered":"http:\/\/heimatverein.he-webpack.de\/?p=13498"},"modified":"2025-05-18T18:59:00","modified_gmt":"2025-05-18T16:59:00","slug":"neue-ruhebaenke-in-der-feldmark","status":"publish","type":"post","link":"http:\/\/heimatverein.he-webpack.de\/?p=13498","title":{"rendered":"Neue Ruheb\u00e4nke in der Feldmark"},"content":{"rendered":"<p><a href=\"http:\/\/heimatverein.he-webpack.de\/wp-content\/uploads\/2025\/04\/Baenke-900-3.jpg\" rel=\"lightbox[13498]\"><img loading=\"lazy\" decoding=\"async\" src=\"http:\/\/heimatverein.he-webpack.de\/wp-content\/uploads\/2025\/04\/Baenke-900-3-200x150.jpg\" alt=\"\" width=\"200\" height=\"150\" class=\"alignleft size-thumbnail wp-image-13549\" \/><\/a>09.04.2024 UB &#8211; Aktive Mitglieder des Heimatverein haben mehrere B\u00e4nke aufgestellt, die von einem G\u00f6nner gesponsert wurden. Diese B\u00e4nke befinden sich oberhalb des B\u00f6rger Esches (am Spahnerweg hinter den Suurdannen, vor dem Dullgoarn und an SchomoaksDannen westlich der S\u00f6gelerStra\u00dfe). Johanna Terhalle und Tanja Grote \u00fcberzeugten sich von der gelungenen Aktion.<br \/>\n<a href=\"http:\/\/heimatverein.he-webpack.de\/wp-content\/uploads\/2025\/04\/HV-Bank-aufstgellen-900.jpg\" rel=\"lightbox[13498]\"><img loading=\"lazy\" decoding=\"async\" src=\"http:\/\/heimatverein.he-webpack.de\/wp-content\/uploads\/2025\/04\/HV-Bank-aufstgellen-900-200x150.jpg\" alt=\"\" width=\"200\" height=\"150\" class=\"alignright size-thumbnail wp-image-13499\" \/><\/a><br \/>\nDie Landschaft und Wege rund um B\u00f6rger ist ideal f\u00fcr Wander- und Fahrradtouren. Viele touristische Punkte sind da. Um weitere B\u00e4nke aufstellen zu k\u00f6nnen ben\u00f6tigen wir noch Unterst\u00fctzer und Helfer die mit anpacken. Stefan Sievers, Henry van der Kamp und Hermann T\u00f6bben sind mit Elan dabei. Eine Alternative ist auch die M\u00f6glichkeit, kosteng\u00fcnstig Bankuntergestelle aus Beton herzustellen, die dann mit einer Bretterauflage versehen werden. Formen daf\u00fcr existieren noch.<\/p>\n<p> Wir wollen in der Feldmark B\u00f6rger weitere Ruheb\u00e4nke aufstellen, um das Wandern f\u00fcr G\u00e4ste und Einheimische und die Attraktivit\u00e4t der B\u00f6rger Landschaft zu steigern. Dieses ist eine der Aufgaben des Heimatverein B\u00f6rger e.V., laut Satzung.<\/p>\n","protected":false},"excerpt":{"rendered":"<p>09.04.2024 UB &#8211; Aktive Mitglieder des Heimatverein haben mehrere B\u00e4nke aufgestellt, die von einem G\u00f6nner gesponsert wurden. Diese B\u00e4nke befinden sich oberhalb des B\u00f6rger Esches (am Spahnerweg hinter den Suurdannen, vor dem Dullgoarn und an SchomoaksDannen westlich der S\u00f6gelerStra\u00dfe). Johanna Terhalle und Tanja Grote \u00fcberzeugten sich von der gelungenen Aktion. Die Landschaft und Wege rund [&#8230;]<\/p>\n","protected":false},"author":2,"featured_media":0,"comment_status":"closed","ping_status":"open","sticky":false,"template":"","format":"standard","meta":{"ngg_post_thumbnail":0,"footnotes":""},"categories":[3],"tags":[],"class_list":["post-13498","post","type-post","status-publish","format-standard","hentry","category-neuigkeiten","odd"],"_links":{"self":[{"href":"http:\/\/heimatverein.he-webpack.de\/index.php?rest_route=\/wp\/v2\/posts\/13498","targetHints":{"allow":["GET"]}}],"collection":[{"href":"http:\/\/heimatverein.he-webpack.de\/index.php?rest_route=\/wp\/v2\/posts"}],"about":[{"href":"http:\/\/heimatverein.he-webpack.de\/index.php?rest_route=\/wp\/v2\/types\/post"}],"author":[{"embeddable":true,"href":"http:\/\/heimatverein.he-webpack.de\/index.php?rest_route=\/wp\/v2\/users\/2"}],"replies":[{"embeddable":true,"href":"http:\/\/heimatverein.he-webpack.de\/index.php?rest_route=%2Fwp%2Fv2%2Fcomments&post=13498"}],"version-history":[{"count":18,"href":"http:\/\/heimatverein.he-webpack.de\/index.php?rest_route=\/wp\/v2\/posts\/13498\/revisions"}],"predecessor-version":[{"id":13593,"href":"http:\/\/heimatverein.he-webpack.de\/index.php?rest_route=\/wp\/v2\/posts\/13498\/revisions\/13593"}],"wp:attachment":[{"href":"http:\/\/heimatverein.he-webpack.de\/index.php?rest_route=%2Fwp%2Fv2%2Fmedia&parent=13498"}],"wp:term":[{"taxonomy":"category","embeddable":true,"href":"http:\/\/heimatverein.he-webpack.de\/index.php?rest_route=%2Fwp%2Fv2%2Fcategories&post=13498"},{"taxonomy":"post_tag","embeddable":true,"href":"http:\/\/heimatverein.he-webpack.de\/index.php?rest_route=%2Fwp%2Fv2%2Ftags&post=13498"}],"curies":[{"name":"wp","href":"https:\/\/api.w.org\/{rel}","templated":true}]}}