{"id":13447,"date":"2025-03-17T09:16:32","date_gmt":"2025-03-17T08:16:32","guid":{"rendered":"http:\/\/heimatverein.he-webpack.de\/?p=13447"},"modified":"2025-03-27T08:47:35","modified_gmt":"2025-03-27T07:47:35","slug":"mitgliederversammlung-2025","status":"publish","type":"post","link":"http:\/\/heimatverein.he-webpack.de\/?p=13447","title":{"rendered":"Mitgliederversammlung 2025"},"content":{"rendered":"<p><a href=\"http:\/\/heimatverein.he-webpack.de\/wp-content\/uploads\/2025\/03\/HV-Wahl-Wahl-1000.jpg\" rel=\"lightbox[13447]\"><img loading=\"lazy\" decoding=\"async\" src=\"http:\/\/heimatverein.he-webpack.de\/wp-content\/uploads\/2025\/03\/HV-Wahl-Wahl-1000-200x150.jpg\" alt=\"\" width=\"200\" height=\"150\" class=\"alignleft size-thumbnail wp-image-13467\" \/><\/a>17.03.2025 UB &#8211; Gestern fand bei einer guten Beteiligung die j\u00e4hrliche obligatorische Hauptversammlung des Heimatverein B\u00f6rger e. V. statt. Die Vorsitzende Johanna Terhalle berichtete \u00fcber ein ausgesprochen arbeitreiches Jahr 2024. Tanja Grote hatte eine PPP (Power-Point-Pr\u00e4sentation) zu dem Thema gefertigt. Bei den anschlie\u00dfenden Wahlen wurden die Vorstandsmitglieder bis auf eine Position mit \u00fcberw\u00e4ltigender Mehrheit wiedergew\u00e4hlt. Hans-Hermann Rolfes leitete die Wahl f\u00fcr den Vorsitz des Heimatvereines. Danach \u00fcbernahm Johanna Terhalle wieder die Wahlleitung. Werner Schomakers schied auf eigenem Wunsch als Beisitzer aus dem Vorstand aus. Daf\u00fcr wurde Sonja van der Kamp als Beisitzer in den erweiterten Vorstand gew\u00e4hlt. <\/p>\n<p>Stefan Sievers konnte von einem guten Kassenbestand berichten. Die Kassenpr\u00fcfer Rudi Schmitz  und Hans Klassen bescheinigten eine fehlerfreien Kassenf\u00fchrung. Der Kassenf\u00fchrer und auch der gesamte Vorstand wurde auf Antrag von Rudi Schmitz einstimmig entlastet. Als Dank f\u00fcr langj\u00e4hrige Arbeit in der F\u00fchrungsriege des Heimatvereins B\u00f6rger erhielten Hermann Ubbenjans und Ehefrau Luise ein Pr\u00e4sent als Dank.<\/p>\n","protected":false},"excerpt":{"rendered":"<p>17.03.2025 UB &#8211; Gestern fand bei einer guten Beteiligung die j\u00e4hrliche obligatorische Hauptversammlung des Heimatverein B\u00f6rger e. V. statt. Die Vorsitzende Johanna Terhalle berichtete \u00fcber ein ausgesprochen arbeitreiches Jahr 2024. Tanja Grote hatte eine PPP (Power-Point-Pr\u00e4sentation) zu dem Thema gefertigt. Bei den anschlie\u00dfenden Wahlen wurden die Vorstandsmitglieder bis auf eine Position mit \u00fcberw\u00e4ltigender Mehrheit wiedergew\u00e4hlt. [&#8230;]<\/p>\n","protected":false},"author":2,"featured_media":0,"comment_status":"closed","ping_status":"open","sticky":false,"template":"","format":"standard","meta":{"ngg_post_thumbnail":0,"footnotes":""},"categories":[3],"tags":[],"class_list":["post-13447","post","type-post","status-publish","format-standard","hentry","category-neuigkeiten","odd"],"_links":{"self":[{"href":"http:\/\/heimatverein.he-webpack.de\/index.php?rest_route=\/wp\/v2\/posts\/13447","targetHints":{"allow":["GET"]}}],"collection":[{"href":"http:\/\/heimatverein.he-webpack.de\/index.php?rest_route=\/wp\/v2\/posts"}],"about":[{"href":"http:\/\/heimatverein.he-webpack.de\/index.php?rest_route=\/wp\/v2\/types\/post"}],"author":[{"embeddable":true,"href":"http:\/\/heimatverein.he-webpack.de\/index.php?rest_route=\/wp\/v2\/users\/2"}],"replies":[{"embeddable":true,"href":"http:\/\/heimatverein.he-webpack.de\/index.php?rest_route=%2Fwp%2Fv2%2Fcomments&post=13447"}],"version-history":[{"count":11,"href":"http:\/\/heimatverein.he-webpack.de\/index.php?rest_route=\/wp\/v2\/posts\/13447\/revisions"}],"predecessor-version":[{"id":13483,"href":"http:\/\/heimatverein.he-webpack.de\/index.php?rest_route=\/wp\/v2\/posts\/13447\/revisions\/13483"}],"wp:attachment":[{"href":"http:\/\/heimatverein.he-webpack.de\/index.php?rest_route=%2Fwp%2Fv2%2Fmedia&parent=13447"}],"wp:term":[{"taxonomy":"category","embeddable":true,"href":"http:\/\/heimatverein.he-webpack.de\/index.php?rest_route=%2Fwp%2Fv2%2Fcategories&post=13447"},{"taxonomy":"post_tag","embeddable":true,"href":"http:\/\/heimatverein.he-webpack.de\/index.php?rest_route=%2Fwp%2Fv2%2Ftags&post=13447"}],"curies":[{"name":"wp","href":"https:\/\/api.w.org\/{rel}","templated":true}]}}