{"id":13415,"date":"2025-03-09T18:26:57","date_gmt":"2025-03-09T17:26:57","guid":{"rendered":"http:\/\/heimatverein.he-webpack.de\/?p=13415"},"modified":"2025-03-09T18:26:57","modified_gmt":"2025-03-09T17:26:57","slug":"danke-schoen","status":"publish","type":"post","link":"http:\/\/heimatverein.he-webpack.de\/?p=13415","title":{"rendered":"Danke sch\u00f6n"},"content":{"rendered":"<p><img loading=\"lazy\" decoding=\"async\" class=\"alignright size-thumbnail wp-image-13417\" src=\"http:\/\/heimatverein.he-webpack.de\/wp-content\/uploads\/2025\/03\/Plattproter-cafe-09.03.25-200x150.jpg\" alt=\"\" width=\"200\" height=\"150\">09.03.2025 &#8211; TG&nbsp; Danke sch\u00f6n an alle Besucher des Plattproter Caf\u00e9s. Bei sch\u00f6nstem Fr\u00fchlingswetter war das Heimathaus bis auf den letzten Platz und auch auf dem Freigel\u00e4nde alle Pl\u00e4tze belegt.&nbsp; Mit einem solchen Andrang haben wir nicht gerechnet. Ihr habt uns innerhalb von knapp einer Stunde 18 Torten aus den H\u00e4nden gerissen, das war ein Rekord. Danke auch an alle Besucher die leider keinen Kuchen mehr ergattern konnten, wir hoffen trotzdem euch beim n\u00e4chsten Mal wieder zu sehen.&nbsp;<\/p>\n<p>Die Zehntscheune mit ihrer neuen Sonderausstellung zum Jubil\u00e4um der Tanz- und Trachtengruppe wurde auch reichlich besichtigt.&nbsp;<\/p>\n<p>Liebe Wehmer, Esterweger, Werpeloher, Neub\u00f6rgeraner, Friesoyther, S\u00f6geler und wo ihr alle hergekommen seid, danke das ihr da ward und wir sehen uns hoffentlich bald wieder.<\/p>\n","protected":false},"excerpt":{"rendered":"<p>09.03.2025 &#8211; TG&nbsp; Danke sch\u00f6n an alle Besucher des Plattproter Caf\u00e9s. Bei sch\u00f6nstem Fr\u00fchlingswetter war das Heimathaus bis auf den letzten Platz und auch auf dem Freigel\u00e4nde alle Pl\u00e4tze belegt.&nbsp; Mit einem solchen Andrang haben wir nicht gerechnet. Ihr habt uns innerhalb von knapp einer Stunde 18 Torten aus den H\u00e4nden gerissen, das war ein [&#8230;]<\/p>\n","protected":false},"author":20,"featured_media":13417,"comment_status":"closed","ping_status":"open","sticky":false,"template":"","format":"standard","meta":{"ngg_post_thumbnail":0,"footnotes":""},"categories":[3],"tags":[],"class_list":["post-13415","post","type-post","status-publish","format-standard","has-post-thumbnail","hentry","category-neuigkeiten","odd"],"_links":{"self":[{"href":"http:\/\/heimatverein.he-webpack.de\/index.php?rest_route=\/wp\/v2\/posts\/13415","targetHints":{"allow":["GET"]}}],"collection":[{"href":"http:\/\/heimatverein.he-webpack.de\/index.php?rest_route=\/wp\/v2\/posts"}],"about":[{"href":"http:\/\/heimatverein.he-webpack.de\/index.php?rest_route=\/wp\/v2\/types\/post"}],"author":[{"embeddable":true,"href":"http:\/\/heimatverein.he-webpack.de\/index.php?rest_route=\/wp\/v2\/users\/20"}],"replies":[{"embeddable":true,"href":"http:\/\/heimatverein.he-webpack.de\/index.php?rest_route=%2Fwp%2Fv2%2Fcomments&post=13415"}],"version-history":[{"count":3,"href":"http:\/\/heimatverein.he-webpack.de\/index.php?rest_route=\/wp\/v2\/posts\/13415\/revisions"}],"predecessor-version":[{"id":13440,"href":"http:\/\/heimatverein.he-webpack.de\/index.php?rest_route=\/wp\/v2\/posts\/13415\/revisions\/13440"}],"wp:featuredmedia":[{"embeddable":true,"href":"http:\/\/heimatverein.he-webpack.de\/index.php?rest_route=\/wp\/v2\/media\/13417"}],"wp:attachment":[{"href":"http:\/\/heimatverein.he-webpack.de\/index.php?rest_route=%2Fwp%2Fv2%2Fmedia&parent=13415"}],"wp:term":[{"taxonomy":"category","embeddable":true,"href":"http:\/\/heimatverein.he-webpack.de\/index.php?rest_route=%2Fwp%2Fv2%2Fcategories&post=13415"},{"taxonomy":"post_tag","embeddable":true,"href":"http:\/\/heimatverein.he-webpack.de\/index.php?rest_route=%2Fwp%2Fv2%2Ftags&post=13415"}],"curies":[{"name":"wp","href":"https:\/\/api.w.org\/{rel}","templated":true}]}}