{"id":13405,"date":"2025-03-03T19:51:12","date_gmt":"2025-03-03T18:51:12","guid":{"rendered":"http:\/\/heimatverein.he-webpack.de\/?p=13405"},"modified":"2025-03-03T19:51:12","modified_gmt":"2025-03-03T18:51:12","slug":"inselarbeiten","status":"publish","type":"post","link":"http:\/\/heimatverein.he-webpack.de\/?p=13405","title":{"rendered":"Inselarbeiten"},"content":{"rendered":"<p>03.03.2025 TG &#8211; Es tut sich was auf dem Heimathof.<\/p>\n<p>Seit Jahren wurde die Insel in der Lemmkuhle von Dornen und Efeu zugewuchert. Die Weide auf der Insel brach auseinander. Letzte Woche hat ein Team aus Freiwilligen mit der Unterst\u00fctzung des Bauhofs dem Inseldschungel den Kampf ansagt. Es wurde geg\u00e4rtnert was das Zeug hielt. Die Insel ist kaum wiederzuerkennen. Die Weide, welche schon recht Morsch gewesen ist, wurde von den moschen \u00c4sten befreit. Noch sieht die Insel etwas kahl aus, aber der Fr\u00fchling startet erst und mit dem Fr\u00fchling kommt auch das bl\u00fchende Leben auf die Insel.&nbsp; Ein altes Kreuz ziert jetzt die Insel und ein Eule beobachtet jetzt die Besucher des Heimathofes.&nbsp;&nbsp;<\/p>\n","protected":false},"excerpt":{"rendered":"<p>03.03.2025 TG &#8211; Es tut sich was auf dem Heimathof.<\/p>\n<p>Seit Jahren wurde die Insel in der Lemmkuhle von Dornen und Efeu zugewuchert. Die Weide auf der Insel brach auseinander. Letzte Woche hat ein Team aus Freiwilligen mit der Unterst\u00fctzung des Bauhofs dem Inseldschungel den Kampf ansagt. Es wurde geg\u00e4rtnert was das Zeug hielt. Die [&#8230;]<\/p>\n","protected":false},"author":20,"featured_media":0,"comment_status":"closed","ping_status":"open","sticky":false,"template":"","format":"standard","meta":{"ngg_post_thumbnail":0,"footnotes":""},"categories":[3],"tags":[],"class_list":["post-13405","post","type-post","status-publish","format-standard","hentry","category-neuigkeiten","odd"],"_links":{"self":[{"href":"http:\/\/heimatverein.he-webpack.de\/index.php?rest_route=\/wp\/v2\/posts\/13405","targetHints":{"allow":["GET"]}}],"collection":[{"href":"http:\/\/heimatverein.he-webpack.de\/index.php?rest_route=\/wp\/v2\/posts"}],"about":[{"href":"http:\/\/heimatverein.he-webpack.de\/index.php?rest_route=\/wp\/v2\/types\/post"}],"author":[{"embeddable":true,"href":"http:\/\/heimatverein.he-webpack.de\/index.php?rest_route=\/wp\/v2\/users\/20"}],"replies":[{"embeddable":true,"href":"http:\/\/heimatverein.he-webpack.de\/index.php?rest_route=%2Fwp%2Fv2%2Fcomments&post=13405"}],"version-history":[{"count":1,"href":"http:\/\/heimatverein.he-webpack.de\/index.php?rest_route=\/wp\/v2\/posts\/13405\/revisions"}],"predecessor-version":[{"id":13406,"href":"http:\/\/heimatverein.he-webpack.de\/index.php?rest_route=\/wp\/v2\/posts\/13405\/revisions\/13406"}],"wp:attachment":[{"href":"http:\/\/heimatverein.he-webpack.de\/index.php?rest_route=%2Fwp%2Fv2%2Fmedia&parent=13405"}],"wp:term":[{"taxonomy":"category","embeddable":true,"href":"http:\/\/heimatverein.he-webpack.de\/index.php?rest_route=%2Fwp%2Fv2%2Fcategories&post=13405"},{"taxonomy":"post_tag","embeddable":true,"href":"http:\/\/heimatverein.he-webpack.de\/index.php?rest_route=%2Fwp%2Fv2%2Ftags&post=13405"}],"curies":[{"name":"wp","href":"https:\/\/api.w.org\/{rel}","templated":true}]}}