{"id":13389,"date":"2025-02-26T13:14:30","date_gmt":"2025-02-26T12:14:30","guid":{"rendered":"http:\/\/heimatverein.he-webpack.de\/?p=13389"},"modified":"2025-03-04T04:51:42","modified_gmt":"2025-03-04T03:51:42","slug":"zu-besuch-beim-hv-wippingen","status":"publish","type":"post","link":"http:\/\/heimatverein.he-webpack.de\/?p=13389","title":{"rendered":"Zu Besuch beim HV Wippingen"},"content":{"rendered":"<p><a href=\"http:\/\/heimatverein.he-webpack.de\/wp-content\/uploads\/2025\/02\/HV-Boerger-in-Wip-1000.jpg\" rel=\"lightbox[13389]\"><img loading=\"lazy\" decoding=\"async\" src=\"http:\/\/heimatverein.he-webpack.de\/wp-content\/uploads\/2025\/02\/HV-Boerger-in-Wip-1000-200x150.jpg\" alt=\"\" width=\"200\" height=\"150\" class=\"alignleft size-thumbnail wp-image-13356\" \/><\/a>23.02.2025 UB &#8211; <\/p>\n<p>Auf Einladung des Heimatvereines Wippingen besuchte eine Gruppe des HV B\u00f6rger mit der Vorsitzenden Johanna Terhalle (re. im Bild) den Heimatverein Wippingen. Der Vorsitzende des HV Wippingen Klaus Abeln (li. im Bild) begr\u00fc\u00dfte die B\u00f6rgeraner herzlich. Im Mittelpunkt dieses Treffens stand ein Erfahrungs- und Wissensaustausch. <div id=\"attachment_13359\" style=\"width: 210px\" class=\"wp-caption alignright\"><a href=\"http:\/\/heimatverein.he-webpack.de\/wp-content\/uploads\/2025\/02\/Koakmaschine-900.jpg\" rel=\"lightbox[13389]\"><img loading=\"lazy\" decoding=\"async\" aria-describedby=\"caption-attachment-13359\" src=\"http:\/\/heimatverein.he-webpack.de\/wp-content\/uploads\/2025\/02\/Koakmaschine-900-200x150.jpg\" alt=\"\" width=\"200\" height=\"150\" class=\"size-thumbnail wp-image-13359\" \/><\/a><p id=\"caption-attachment-13359\" class=\"wp-caption-text\">Koakmaschine, P\u00f6tte, Teek\u00e4tel, Kaffem\u00f6hle, Gew\u00fcrzp\u00f6tte und L\u00e4pel an\u00b4t L\u00e4pelbrett<\/p><\/div>Man besuchte den Heimathof mit den verschiedenen Geb\u00e4uden und lies sich im Heimathaus Kaffee und Kuchen munden. Anschlie\u00dfend ging es in die Alte Schule.<\/p>\n<p>Dort ist im Obergescho\u00df ist die &#8222;Heimatkundliche Sammlung&#8220; untergebracht. Diese Sammlung wird, so wie in B\u00f6rger auch, immer weiter vervollst\u00e4ndigt und ausgebaut. Man sprach sich daf\u00fcr aus Ger\u00e4tschaften und Exponate (evtl. ganze Gruppen) auszutauschen, um als kleine Sammlungen f\u00fcr die Besucher interessant zu bleiben. Dieses ist in der Vergangenheit schon geschehen. Einige Wippinger Ger\u00e4tschaften finden ihren Platz in B\u00f6rger, und von uns kamen Ger\u00e4te f\u00fcr die Sammlung in Wippingen. (Foto: Sonja van der Kamp)<\/p>\n","protected":false},"excerpt":{"rendered":"<p>23.02.2025 UB &#8211; <\/p>\n<p>Auf Einladung des Heimatvereines Wippingen besuchte eine Gruppe des HV B\u00f6rger mit der Vorsitzenden Johanna Terhalle (re. im Bild) den Heimatverein Wippingen. Der Vorsitzende des HV Wippingen Klaus Abeln (li. im Bild) begr\u00fc\u00dfte die B\u00f6rgeraner herzlich. Im Mittelpunkt dieses Treffens stand ein Erfahrungs- und Wissensaustausch. <\/p>\n<p id=\"caption-attachment-13359\" class=\"wp-caption-text\">Koakmaschine, P\u00f6tte, Teek\u00e4tel, Kaffem\u00f6hle, [&#8230;]<\/p>\n","protected":false},"author":2,"featured_media":0,"comment_status":"closed","ping_status":"open","sticky":false,"template":"","format":"standard","meta":{"ngg_post_thumbnail":0,"footnotes":""},"categories":[3],"tags":[],"class_list":["post-13389","post","type-post","status-publish","format-standard","hentry","category-neuigkeiten","odd"],"_links":{"self":[{"href":"http:\/\/heimatverein.he-webpack.de\/index.php?rest_route=\/wp\/v2\/posts\/13389","targetHints":{"allow":["GET"]}}],"collection":[{"href":"http:\/\/heimatverein.he-webpack.de\/index.php?rest_route=\/wp\/v2\/posts"}],"about":[{"href":"http:\/\/heimatverein.he-webpack.de\/index.php?rest_route=\/wp\/v2\/types\/post"}],"author":[{"embeddable":true,"href":"http:\/\/heimatverein.he-webpack.de\/index.php?rest_route=\/wp\/v2\/users\/2"}],"replies":[{"embeddable":true,"href":"http:\/\/heimatverein.he-webpack.de\/index.php?rest_route=%2Fwp%2Fv2%2Fcomments&post=13389"}],"version-history":[{"count":3,"href":"http:\/\/heimatverein.he-webpack.de\/index.php?rest_route=\/wp\/v2\/posts\/13389\/revisions"}],"predecessor-version":[{"id":13414,"href":"http:\/\/heimatverein.he-webpack.de\/index.php?rest_route=\/wp\/v2\/posts\/13389\/revisions\/13414"}],"wp:attachment":[{"href":"http:\/\/heimatverein.he-webpack.de\/index.php?rest_route=%2Fwp%2Fv2%2Fmedia&parent=13389"}],"wp:term":[{"taxonomy":"category","embeddable":true,"href":"http:\/\/heimatverein.he-webpack.de\/index.php?rest_route=%2Fwp%2Fv2%2Fcategories&post=13389"},{"taxonomy":"post_tag","embeddable":true,"href":"http:\/\/heimatverein.he-webpack.de\/index.php?rest_route=%2Fwp%2Fv2%2Ftags&post=13389"}],"curies":[{"name":"wp","href":"https:\/\/api.w.org\/{rel}","templated":true}]}}