{"id":13229,"date":"2025-01-08T18:54:50","date_gmt":"2025-01-08T17:54:50","guid":{"rendered":"http:\/\/heimatverein.he-webpack.de\/?p=13229"},"modified":"2026-01-05T08:58:29","modified_gmt":"2026-01-05T07:58:29","slug":"neujahrsempfang-2025","status":"publish","type":"post","link":"http:\/\/heimatverein.he-webpack.de\/?p=13229","title":{"rendered":"Neujahrsempfang 2025"},"content":{"rendered":"<p>08.01.2025 UB &#8211; Auch in diesem Jahr lud der Heimatverein auf der ersten Vorstandsitzung in 2025, die Mitglieder mit Lebenspartnern sowie die Ehrenmitglieder des Vereines ein. Eingeladen waren auch Vertreter der Schulen und Kirchen. Dazu die Mitglieder des Rates der Gemeinde sowie die Bauhofmitarbeiter. Dazu kamen Heimatvereinsmitglieder, die sich in diesem Jahr durch Mitarbeit oder besondere Aktionen hervorgetan haben.<\/p>\n<p>Nach einer kurzen Begr\u00fc\u00dfung sprachen Pfarradministratorin Doris Brinker (Kath. Kirchengemeinde) und Diakonin Astrid Farwick (Ev. Kirchengemeinde S\u00f6gel) segensreiche Worte zum Jahreswechsel. Bei Neujahrskuchen und Torte, sowie sp\u00e4ter dem obligatorischem Neujahrsschluck, lies Johanna Terhalle noch einmal die Arbeiten in 2024 Revue passieren. Ein herber Verlust sei das Ableben von Ehrenvorsitzender Heinrich Wesseln im Juni und Ehrenmitglied Hermann Schmitz im November.<a href=\"http:\/\/heimatverein.he-webpack.de\/wp-content\/uploads\/2025\/01\/Ehrung-beim-HV900.jpg\" rel=\"lightbox[13229]\"><img loading=\"lazy\" decoding=\"async\" src=\"http:\/\/heimatverein.he-webpack.de\/wp-content\/uploads\/2025\/01\/Ehrung-beim-HV900-200x150.jpg\" alt=\"\" width=\"200\" height=\"150\" class=\"alignright size-thumbnail wp-image-13271\" srcset=\"http:\/\/heimatverein.he-webpack.de\/wp-content\/uploads\/2025\/01\/Ehrung-beim-HV900-200x150.jpg 200w, http:\/\/heimatverein.he-webpack.de\/wp-content\/uploads\/2025\/01\/Ehrung-beim-HV900-150x114.jpg 150w\" sizes=\"auto, (max-width: 200px) 100vw, 200px\" \/><\/a> In 2024 habe der Heimatverein bei vielen Projekten das Gemeinwesen in B\u00f6rger unterst\u00fctzt. Sie berichtete im Anschlu\u00df \u00fcber die im angebrochenen Jahr geplanten Aktionen des Heimatvereines B\u00f6rger.<\/p>\n<p>Bgm. J\u00fcrgen Ermes erhielt f\u00fcr die Zurverf\u00fcgungstellung des Heimathauses und der Zehntscheune f\u00fcr die Heimatarbeit, die obligatorische Tunschere \u00fcberreicht. Im weiteren Verlauf erhielten Heimatvereinsmitglieder, die f\u00fcr die Gemeinde und dem Heimatverein sehr aktiv t\u00e4tig waren, ebenfalls ein Pr\u00e4sent inform einer Tunschere. Dieses sind Doris Brinker, Hermann Schmees, Conny Federhofer und Monika Langen f\u00fcr die Arbeitsgruppe Plattproater-Kaffee.<\/p>\n","protected":false},"excerpt":{"rendered":"<p>08.01.2025 UB &#8211; Auch in diesem Jahr lud der Heimatverein auf der ersten Vorstandsitzung in 2025, die Mitglieder mit Lebenspartnern sowie die Ehrenmitglieder des Vereines ein. Eingeladen waren auch Vertreter der Schulen und Kirchen. Dazu die Mitglieder des Rates der Gemeinde sowie die Bauhofmitarbeiter. Dazu kamen Heimatvereinsmitglieder, die sich in diesem Jahr durch Mitarbeit oder [&#8230;]<\/p>\n","protected":false},"author":2,"featured_media":0,"comment_status":"closed","ping_status":"open","sticky":false,"template":"","format":"standard","meta":{"ngg_post_thumbnail":0,"footnotes":""},"categories":[3],"tags":[],"class_list":["post-13229","post","type-post","status-publish","format-standard","hentry","category-neuigkeiten","odd"],"_links":{"self":[{"href":"http:\/\/heimatverein.he-webpack.de\/index.php?rest_route=\/wp\/v2\/posts\/13229","targetHints":{"allow":["GET"]}}],"collection":[{"href":"http:\/\/heimatverein.he-webpack.de\/index.php?rest_route=\/wp\/v2\/posts"}],"about":[{"href":"http:\/\/heimatverein.he-webpack.de\/index.php?rest_route=\/wp\/v2\/types\/post"}],"author":[{"embeddable":true,"href":"http:\/\/heimatverein.he-webpack.de\/index.php?rest_route=\/wp\/v2\/users\/2"}],"replies":[{"embeddable":true,"href":"http:\/\/heimatverein.he-webpack.de\/index.php?rest_route=%2Fwp%2Fv2%2Fcomments&post=13229"}],"version-history":[{"count":16,"href":"http:\/\/heimatverein.he-webpack.de\/index.php?rest_route=\/wp\/v2\/posts\/13229\/revisions"}],"predecessor-version":[{"id":14103,"href":"http:\/\/heimatverein.he-webpack.de\/index.php?rest_route=\/wp\/v2\/posts\/13229\/revisions\/14103"}],"wp:attachment":[{"href":"http:\/\/heimatverein.he-webpack.de\/index.php?rest_route=%2Fwp%2Fv2%2Fmedia&parent=13229"}],"wp:term":[{"taxonomy":"category","embeddable":true,"href":"http:\/\/heimatverein.he-webpack.de\/index.php?rest_route=%2Fwp%2Fv2%2Fcategories&post=13229"},{"taxonomy":"post_tag","embeddable":true,"href":"http:\/\/heimatverein.he-webpack.de\/index.php?rest_route=%2Fwp%2Fv2%2Ftags&post=13229"}],"curies":[{"name":"wp","href":"https:\/\/api.w.org\/{rel}","templated":true}]}}