{"id":13207,"date":"2025-01-03T22:15:08","date_gmt":"2025-01-03T21:15:08","guid":{"rendered":"http:\/\/heimatverein.he-webpack.de\/?p=13207"},"modified":"2025-02-28T10:20:31","modified_gmt":"2025-02-28T09:20:31","slug":"use-borger","status":"publish","type":"post","link":"http:\/\/heimatverein.he-webpack.de\/?p=13207","title":{"rendered":"Use Borger"},"content":{"rendered":"<p><div id=\"attachment_11348\" style=\"width: 210px\" class=\"wp-caption alignright\"><img loading=\"lazy\" decoding=\"async\" aria-describedby=\"caption-attachment-11348\" src=\"http:\/\/heimatverein.he-webpack.de\/wp-content\/uploads\/2023\/04\/Westerhoff-200x150.jpg\" alt=\"\" width=\"200\" height=\"150\" class=\"size-thumbnail wp-image-11348\" \/><p id=\"caption-attachment-11348\" class=\"wp-caption-text\">Hubert Westerhoff<\/p><\/div>03.01.2025 UB \u2013 Bei einer Bestandsaufnahme der noch vorhandenen B\u00fccher stellte man j\u00fcngst fest, das alle Jahrg\u00e4nge der Jahresschriften \u201eUse Borger\u201c noch vorhanden sind. Sie sind beim Arbeitskreisleiter Hermann Ubbenjans, Bergstra\u00dfe 4, 26904 B\u00f6rger; Tel.: 05953-441 oder \u00fcber hermann (at) ubbenjans.de zu bekommen. Die aktuelle Ausgabe 2024 ist f\u00fcr 20 Euro zu erwerben. Die Jahrg\u00e4ngen 2023 bis 2016 kostet 15 Euro, 2015 bis 1995 12 Euro und alte Jahrg\u00e4nge vor 1995 (1994 \u2013 1991) sind zum Vorzugspreis von 8 Euro zu bekommen. PS: Von den Jahrg\u00e4ngen 1995 und 2005 sind nur noch sehr wenige R\u00fcckl\u00e4ufer \u00fcbrig.<\/p>\n<p>Unser Bild zeigt den j\u00fcngst verstorbenen Hubert Westendorf, einem langj\u00e4hrigen aktivem Mitarbeiter des Arbeitskreises Geschichte, der \u00fcber lange Jahre viele Informationen, Bilder und Texte zur Verf\u00fcgung stellte. Hubert Westerhoff war lange Jahre P\u00e4dagoge an der B\u00f6rger Grund- und Hauptschule. Im Laufe seines Berufslebens sp\u00e4ter Konrektor und Rektor der Schule, bis zu seiner Pensionierung.  Des Weiteren war er in verschiedensten Gruppen f\u00fcr die Gemeinde ehrenamtlich t\u00e4tig. Er war lange Aktivist des Kolping-Karnevals, unter anderen Aktivit\u00e4ten auch Nikolausdarsteller, Wahlhelfer und bei caritativen und kirchlichen Aufgaben aktiv. Wir als Heimatverein und auch die Gemeinde sagen &#8211; <\/p>\n<p><strong>Danke Hubert<\/strong>!<\/p>\n","protected":false},"excerpt":{"rendered":"<p><p id=\"caption-attachment-11348\" class=\"wp-caption-text\">Hubert Westerhoff<\/p>\n<p>03.01.2025 UB \u2013 Bei einer Bestandsaufnahme der noch vorhandenen B\u00fccher stellte man j\u00fcngst fest, das alle Jahrg\u00e4nge der Jahresschriften \u201eUse Borger\u201c noch vorhanden sind. Sie sind beim Arbeitskreisleiter Hermann Ubbenjans, Bergstra\u00dfe 4, 26904 B\u00f6rger; Tel.: 05953-441 oder \u00fcber hermann (at) ubbenjans.de zu bekommen. Die aktuelle Ausgabe 2024 ist f\u00fcr 20 Euro zu [&#8230;]<\/p>\n","protected":false},"author":2,"featured_media":0,"comment_status":"closed","ping_status":"open","sticky":false,"template":"","format":"standard","meta":{"ngg_post_thumbnail":0,"footnotes":""},"categories":[3],"tags":[],"class_list":["post-13207","post","type-post","status-publish","format-standard","hentry","category-neuigkeiten","odd"],"_links":{"self":[{"href":"http:\/\/heimatverein.he-webpack.de\/index.php?rest_route=\/wp\/v2\/posts\/13207","targetHints":{"allow":["GET"]}}],"collection":[{"href":"http:\/\/heimatverein.he-webpack.de\/index.php?rest_route=\/wp\/v2\/posts"}],"about":[{"href":"http:\/\/heimatverein.he-webpack.de\/index.php?rest_route=\/wp\/v2\/types\/post"}],"author":[{"embeddable":true,"href":"http:\/\/heimatverein.he-webpack.de\/index.php?rest_route=\/wp\/v2\/users\/2"}],"replies":[{"embeddable":true,"href":"http:\/\/heimatverein.he-webpack.de\/index.php?rest_route=%2Fwp%2Fv2%2Fcomments&post=13207"}],"version-history":[{"count":22,"href":"http:\/\/heimatverein.he-webpack.de\/index.php?rest_route=\/wp\/v2\/posts\/13207\/revisions"}],"predecessor-version":[{"id":13401,"href":"http:\/\/heimatverein.he-webpack.de\/index.php?rest_route=\/wp\/v2\/posts\/13207\/revisions\/13401"}],"wp:attachment":[{"href":"http:\/\/heimatverein.he-webpack.de\/index.php?rest_route=%2Fwp%2Fv2%2Fmedia&parent=13207"}],"wp:term":[{"taxonomy":"category","embeddable":true,"href":"http:\/\/heimatverein.he-webpack.de\/index.php?rest_route=%2Fwp%2Fv2%2Fcategories&post=13207"},{"taxonomy":"post_tag","embeddable":true,"href":"http:\/\/heimatverein.he-webpack.de\/index.php?rest_route=%2Fwp%2Fv2%2Ftags&post=13207"}],"curies":[{"name":"wp","href":"https:\/\/api.w.org\/{rel}","templated":true}]}}