{"id":13153,"date":"2024-12-25T19:15:40","date_gmt":"2024-12-25T18:15:40","guid":{"rendered":"http:\/\/heimatverein.he-webpack.de\/?p=13153"},"modified":"2024-12-25T19:36:37","modified_gmt":"2024-12-25T18:36:37","slug":"juedische-familien-in-boerger","status":"publish","type":"post","link":"http:\/\/heimatverein.he-webpack.de\/?p=13153","title":{"rendered":"J\u00fcdische Familien in B\u00f6rger"},"content":{"rendered":"<p>12.12.2024 UB &#8211; Zum Gedenken an die Ermordung vieler H\u00fcmmlinger Menschen in der NS-Zeit ist im M\u00e4rz 2024 ein Buch herausgegeben worden. Und auch eine Homepage (https:\/\/www.juedisches-leben-region-soegel.de\/familien\/) ist in kurz danach entstanden. Hier findet man <a href=\"https:\/\/www.juedisches-leben-region-soegel.de\/boerger\/\">Informationen \u00fcber die j\u00fcdischen Mitb\u00fcrger<\/a> aus S\u00f6gel, Werlte, Lathen, B\u00f6rger und Esterwegen, die hier gelebt haben. Einzelne verschleppte B\u00fcrger sind wieder in die Heimat zur\u00fcckgekehrt.<\/p>\n","protected":false},"excerpt":{"rendered":"<p>12.12.2024 UB &#8211; Zum Gedenken an die Ermordung vieler H\u00fcmmlinger Menschen in der NS-Zeit ist im M\u00e4rz 2024 ein Buch herausgegeben worden. Und auch eine Homepage (https:\/\/www.juedisches-leben-region-soegel.de\/familien\/) ist in kurz danach entstanden. Hier findet man Informationen \u00fcber die j\u00fcdischen Mitb\u00fcrger aus S\u00f6gel, Werlte, Lathen, B\u00f6rger und Esterwegen, die hier gelebt haben. Einzelne verschleppte B\u00fcrger sind [&#8230;]<\/p>\n","protected":false},"author":2,"featured_media":0,"comment_status":"closed","ping_status":"open","sticky":false,"template":"","format":"standard","meta":{"ngg_post_thumbnail":0,"footnotes":""},"categories":[3],"tags":[],"class_list":["post-13153","post","type-post","status-publish","format-standard","hentry","category-neuigkeiten","odd"],"_links":{"self":[{"href":"http:\/\/heimatverein.he-webpack.de\/index.php?rest_route=\/wp\/v2\/posts\/13153","targetHints":{"allow":["GET"]}}],"collection":[{"href":"http:\/\/heimatverein.he-webpack.de\/index.php?rest_route=\/wp\/v2\/posts"}],"about":[{"href":"http:\/\/heimatverein.he-webpack.de\/index.php?rest_route=\/wp\/v2\/types\/post"}],"author":[{"embeddable":true,"href":"http:\/\/heimatverein.he-webpack.de\/index.php?rest_route=\/wp\/v2\/users\/2"}],"replies":[{"embeddable":true,"href":"http:\/\/heimatverein.he-webpack.de\/index.php?rest_route=%2Fwp%2Fv2%2Fcomments&post=13153"}],"version-history":[{"count":5,"href":"http:\/\/heimatverein.he-webpack.de\/index.php?rest_route=\/wp\/v2\/posts\/13153\/revisions"}],"predecessor-version":[{"id":13162,"href":"http:\/\/heimatverein.he-webpack.de\/index.php?rest_route=\/wp\/v2\/posts\/13153\/revisions\/13162"}],"wp:attachment":[{"href":"http:\/\/heimatverein.he-webpack.de\/index.php?rest_route=%2Fwp%2Fv2%2Fmedia&parent=13153"}],"wp:term":[{"taxonomy":"category","embeddable":true,"href":"http:\/\/heimatverein.he-webpack.de\/index.php?rest_route=%2Fwp%2Fv2%2Fcategories&post=13153"},{"taxonomy":"post_tag","embeddable":true,"href":"http:\/\/heimatverein.he-webpack.de\/index.php?rest_route=%2Fwp%2Fv2%2Ftags&post=13153"}],"curies":[{"name":"wp","href":"https:\/\/api.w.org\/{rel}","templated":true}]}}