{"id":13066,"date":"2024-12-02T11:09:55","date_gmt":"2024-12-02T10:09:55","guid":{"rendered":"http:\/\/heimatverein.he-webpack.de\/?p=13066"},"modified":"2025-01-20T00:43:29","modified_gmt":"2025-01-19T23:43:29","slug":"use-borger-2024-ist-veroeffentlicht","status":"publish","type":"post","link":"http:\/\/heimatverein.he-webpack.de\/?p=13066","title":{"rendered":"Use Borger 2024 ist fertig und erh\u00e4ltlich"},"content":{"rendered":"<p><a href=\"http:\/\/heimatverein.he-webpack.de\/wp-content\/uploads\/2024\/12\/Vorstellung-Use-Bg-1000.jpg\" rel=\"lightbox[13066]\"><img loading=\"lazy\" decoding=\"async\" src=\"http:\/\/heimatverein.he-webpack.de\/wp-content\/uploads\/2024\/12\/Vorstellung-Use-Bg-1000-200x150.jpg\" alt=\"\" width=\"200\" height=\"150\" class=\"alignright size-thumbnail wp-image-13068\" \/><\/a>02.12.2024 UB &#8211; <\/p>\n<p>Am vergangenen Wochenende stellten wir im Walkem\u00fcllerhaus, dem B\u00f6rger Heimathaus, in abgesprecktem Rahmen bei einem Gr\u00fcnkohlessen die 34. Ausgabe der <strong>Jahresschrift Use Borger<\/strong> vor. Die ersten Exemplare der Schrift erhielten, nach der Vorstellung durch Ubbenjans und Gebkenjans, f\u00fcr die \u00d6ffentlichkeit der B\u00f6rger B\u00fcrgermeister J\u00fcrgen Ermes (2.v.re.), sowie Pastor Matthias Voss (3.v.re.) und Diakonin Astrid Farwick (3.v.li.) von der Ev. Kirchengemeinde, und Diakon Burghard Becker (re.) von der Katholischen Pfarrgemeinschaft St. Barbara, von den Arbeitskreisleitern Hermann Ubbenjans (2.v.li.) und Bernd Gebkenjans (li.) \u00fcberreicht. Foto: Tanja Grote<\/p>\n<p>Wir konnten den Verkaufspreis stabil halten, da uns auch in diesem Jahr Sponsoren unterst\u00fctzten. Daf\u00fcr allen <strong>Unterst\u00fctzern herzlichen Dank<\/strong>. Die Schrift ist bei den bekannten Verkaufsstellen (VoBa B\u00f6rger, Lebensmittel Funke, Fris\u00f6r Gerdes, Blumenhaus Robben, Elisabeth Ermes, der Gemeindeverwaltung B\u00f6rger und Surwold) f\u00fcr 20 Euro erh\u00e4ltlich. <\/p>\n","protected":false},"excerpt":{"rendered":"<p>02.12.2024 UB &#8211; <\/p>\n<p>Am vergangenen Wochenende stellten wir im Walkem\u00fcllerhaus, dem B\u00f6rger Heimathaus, in abgesprecktem Rahmen bei einem Gr\u00fcnkohlessen die 34. Ausgabe der Jahresschrift Use Borger vor. Die ersten Exemplare der Schrift erhielten, nach der Vorstellung durch Ubbenjans und Gebkenjans, f\u00fcr die \u00d6ffentlichkeit der B\u00f6rger B\u00fcrgermeister J\u00fcrgen Ermes (2.v.re.), sowie Pastor Matthias Voss (3.v.re.) [&#8230;]<\/p>\n","protected":false},"author":2,"featured_media":0,"comment_status":"closed","ping_status":"open","sticky":false,"template":"","format":"standard","meta":{"ngg_post_thumbnail":0,"footnotes":""},"categories":[3],"tags":[],"class_list":["post-13066","post","type-post","status-publish","format-standard","hentry","category-neuigkeiten","odd"],"_links":{"self":[{"href":"http:\/\/heimatverein.he-webpack.de\/index.php?rest_route=\/wp\/v2\/posts\/13066","targetHints":{"allow":["GET"]}}],"collection":[{"href":"http:\/\/heimatverein.he-webpack.de\/index.php?rest_route=\/wp\/v2\/posts"}],"about":[{"href":"http:\/\/heimatverein.he-webpack.de\/index.php?rest_route=\/wp\/v2\/types\/post"}],"author":[{"embeddable":true,"href":"http:\/\/heimatverein.he-webpack.de\/index.php?rest_route=\/wp\/v2\/users\/2"}],"replies":[{"embeddable":true,"href":"http:\/\/heimatverein.he-webpack.de\/index.php?rest_route=%2Fwp%2Fv2%2Fcomments&post=13066"}],"version-history":[{"count":12,"href":"http:\/\/heimatverein.he-webpack.de\/index.php?rest_route=\/wp\/v2\/posts\/13066\/revisions"}],"predecessor-version":[{"id":13277,"href":"http:\/\/heimatverein.he-webpack.de\/index.php?rest_route=\/wp\/v2\/posts\/13066\/revisions\/13277"}],"wp:attachment":[{"href":"http:\/\/heimatverein.he-webpack.de\/index.php?rest_route=%2Fwp%2Fv2%2Fmedia&parent=13066"}],"wp:term":[{"taxonomy":"category","embeddable":true,"href":"http:\/\/heimatverein.he-webpack.de\/index.php?rest_route=%2Fwp%2Fv2%2Fcategories&post=13066"},{"taxonomy":"post_tag","embeddable":true,"href":"http:\/\/heimatverein.he-webpack.de\/index.php?rest_route=%2Fwp%2Fv2%2Ftags&post=13066"}],"curies":[{"name":"wp","href":"https:\/\/api.w.org\/{rel}","templated":true}]}}