{"id":13056,"date":"2024-12-02T10:48:09","date_gmt":"2024-12-02T09:48:09","guid":{"rendered":"http:\/\/heimatverein.he-webpack.de\/?p=13056"},"modified":"2026-04-22T19:51:20","modified_gmt":"2026-04-22T17:51:20","slug":"13056","status":"publish","type":"post","link":"http:\/\/heimatverein.he-webpack.de\/?p=13056","title":{"rendered":"Ehrenmitglied Hermann Schmitz ist verstorben"},"content":{"rendered":"<p><div id=\"attachment_6605\" style=\"width: 210px\" class=\"wp-caption alignleft\"><a href=\"http:\/\/heimatverein.he-webpack.de\/wp-content\/uploads\/2017\/01\/HS-Jahresempfang.jpg\" rel=\"lightbox[13056]\"><img loading=\"lazy\" decoding=\"async\" aria-describedby=\"caption-attachment-6605\" src=\"http:\/\/heimatverein.he-webpack.de\/wp-content\/uploads\/2017\/01\/HS-Jahresempfang-200x150.jpg\" alt=\"\" width=\"200\" height=\"150\" class=\"size-thumbnail wp-image-6605\" \/><\/a><p id=\"caption-attachment-6605\" class=\"wp-caption-text\">Vorsitzender Schmitz<\/p><\/div>01.12.2024 UB &#8211; Am 25. November in den Morgenstunden erlag unser langj\u00e4hriger Vorsitzende und Ehrenmitglied des Heimatverein B\u00f6rger e. V. der 71j\u00e4hrige Hermann Schmitz genannt K\u00f6ster-Harm, einem Herzinfarkt. Wir, der Heimatverein B\u00f6rger, trauern um ein engagiertes Mitglied und Freund. Seiner Familie und besonders seiner Ehefrau Anne sprechen wir unser herzliches Beileid aus. Wir k\u00f6nnen es gar nicht fassen. Am Tag zuvor sa\u00dfen wir noch mit ihm in gro\u00dfer gem\u00fctlicher Runde mit dem Vorstand des Heimatverein Esterwegen zusammen.<\/p>\n<p>Viele Trauernde begleiteten Hermann-Josef wie er getrauft wurde, auf seinem letzten Weg. Ein langer Zug mit Familienangeh\u00f6rigen, Verwandte, Polizeikollegen, Freunde, Heimatfreunde und Bekannte aus vielen Vereinen und Organisationen gaben ihm das letzte Geleit auf dem Friedhof. Er fehlt in vielen Gruppen und Vereinen und besonders in der Familie!<\/p>\n<p>In einem Nachruf, den viele seiner Weggef\u00e4hrten, ob beim Sportverein DJK Eintracht oder dem Heimatverein, der Arbeit im caritativen Bereich bei Malteser Hilfsdienst oder der Samtgemeinde, sowie der Litauenhilfe, wurde seiner Arbeit zu Lebzeiten gew\u00fcrdigt. Er bleibt unvergessen in aller Herzen.<br \/>\n <a href=\"http:\/\/heimatverein.he-webpack.de\/?page_id=13564\">&#8211; In Dankbarkeit <\/a>  R I P &#8211; K\u00f6ster-Harm <\/p>\n","protected":false},"excerpt":{"rendered":"<p><p id=\"caption-attachment-6605\" class=\"wp-caption-text\">Vorsitzender Schmitz<\/p>\n<p>01.12.2024 UB &#8211; Am 25. November in den Morgenstunden erlag unser langj\u00e4hriger Vorsitzende und Ehrenmitglied des Heimatverein B\u00f6rger e. V. der 71j\u00e4hrige Hermann Schmitz genannt K\u00f6ster-Harm, einem Herzinfarkt. Wir, der Heimatverein B\u00f6rger, trauern um ein engagiertes Mitglied und Freund. Seiner Familie und besonders seiner Ehefrau Anne sprechen wir unser herzliches Beileid aus. [&#8230;]<\/p>\n","protected":false},"author":2,"featured_media":0,"comment_status":"closed","ping_status":"open","sticky":false,"template":"","format":"standard","meta":{"ngg_post_thumbnail":0,"footnotes":""},"categories":[3],"tags":[],"class_list":["post-13056","post","type-post","status-publish","format-standard","hentry","category-neuigkeiten","odd"],"_links":{"self":[{"href":"http:\/\/heimatverein.he-webpack.de\/index.php?rest_route=\/wp\/v2\/posts\/13056","targetHints":{"allow":["GET"]}}],"collection":[{"href":"http:\/\/heimatverein.he-webpack.de\/index.php?rest_route=\/wp\/v2\/posts"}],"about":[{"href":"http:\/\/heimatverein.he-webpack.de\/index.php?rest_route=\/wp\/v2\/types\/post"}],"author":[{"embeddable":true,"href":"http:\/\/heimatverein.he-webpack.de\/index.php?rest_route=\/wp\/v2\/users\/2"}],"replies":[{"embeddable":true,"href":"http:\/\/heimatverein.he-webpack.de\/index.php?rest_route=%2Fwp%2Fv2%2Fcomments&post=13056"}],"version-history":[{"count":29,"href":"http:\/\/heimatverein.he-webpack.de\/index.php?rest_route=\/wp\/v2\/posts\/13056\/revisions"}],"predecessor-version":[{"id":14358,"href":"http:\/\/heimatverein.he-webpack.de\/index.php?rest_route=\/wp\/v2\/posts\/13056\/revisions\/14358"}],"wp:attachment":[{"href":"http:\/\/heimatverein.he-webpack.de\/index.php?rest_route=%2Fwp%2Fv2%2Fmedia&parent=13056"}],"wp:term":[{"taxonomy":"category","embeddable":true,"href":"http:\/\/heimatverein.he-webpack.de\/index.php?rest_route=%2Fwp%2Fv2%2Fcategories&post=13056"},{"taxonomy":"post_tag","embeddable":true,"href":"http:\/\/heimatverein.he-webpack.de\/index.php?rest_route=%2Fwp%2Fv2%2Ftags&post=13056"}],"curies":[{"name":"wp","href":"https:\/\/api.w.org\/{rel}","templated":true}]}}