{"id":12908,"date":"2024-10-07T12:58:32","date_gmt":"2024-10-07T10:58:32","guid":{"rendered":"http:\/\/heimatverein.he-webpack.de\/?p=12908"},"modified":"2024-10-07T17:25:42","modified_gmt":"2024-10-07T15:25:42","slug":"erntewagen-zu-kirmes","status":"publish","type":"post","link":"http:\/\/heimatverein.he-webpack.de\/?p=12908","title":{"rendered":"Erntewagen zu Kirmes"},"content":{"rendered":"<p><a href=\"http:\/\/heimatverein.he-webpack.de\/wp-content\/uploads\/2024\/10\/Erntewagen-HV-1000.jpg\" rel=\"lightbox[12908]\"><img loading=\"lazy\" decoding=\"async\" src=\"http:\/\/heimatverein.he-webpack.de\/wp-content\/uploads\/2024\/10\/Erntewagen-HV-1000-200x150.jpg\" alt=\"\" width=\"200\" height=\"150\" class=\"alignleft size-thumbnail wp-image-12909\" \/><\/a>07.10.2024 UB &#8211; <\/p>\n<p>Der Heimatverein B\u00f6rger baute f\u00fcr den Umzug in diesem Jahr wieder einen Erntedank-Wagen. Die Trachten- und Tanzgruppe des Vereines waren jahrzehntelang mit einem &#8222;Erntewagen&#8220; im Kirmesumzug pr\u00e4sent. Sie hat lange den Heimatverein B\u00f6rger vertreten. Nun \u00fcbernimmt der Vorstand und Helfer dieses nach einigen Jahren Pause. Unterst\u00fctzt wurde man in diesem Jahr von der Plattproatergruppe, die beim Heimatverein unterrichtet wird. <\/p>\n<p>Gestern um 14.00 Uhr zog der Lindwurm aus 5 Erntewagen, 2 Musikkapellen, Jugendgruppen, den Oldtimerfreunden sowie kleine Gef\u00e4hrte durch B\u00f6rger. Unterst\u00fctzt und abgesichert wurde der Zug von der Freiwilligen Feuerwehr B\u00f6rger. Bei der sp\u00e4teren Wagenpr\u00e4mierung erreichte der Heimatverein den 2. Platz. Man konnte einen stattlichen Betrag entgegennehmen. <\/p>\n","protected":false},"excerpt":{"rendered":"<p>07.10.2024 UB &#8211; <\/p>\n<p>Der Heimatverein B\u00f6rger baute f\u00fcr den Umzug in diesem Jahr wieder einen Erntedank-Wagen. Die Trachten- und Tanzgruppe des Vereines waren jahrzehntelang mit einem &#8222;Erntewagen&#8220; im Kirmesumzug pr\u00e4sent. Sie hat lange den Heimatverein B\u00f6rger vertreten. Nun \u00fcbernimmt der Vorstand und Helfer dieses nach einigen Jahren Pause. Unterst\u00fctzt wurde man in diesem Jahr [&#8230;]<\/p>\n","protected":false},"author":2,"featured_media":0,"comment_status":"closed","ping_status":"open","sticky":false,"template":"","format":"standard","meta":{"ngg_post_thumbnail":0,"footnotes":""},"categories":[3],"tags":[],"class_list":["post-12908","post","type-post","status-publish","format-standard","hentry","category-neuigkeiten","odd"],"_links":{"self":[{"href":"http:\/\/heimatverein.he-webpack.de\/index.php?rest_route=\/wp\/v2\/posts\/12908","targetHints":{"allow":["GET"]}}],"collection":[{"href":"http:\/\/heimatverein.he-webpack.de\/index.php?rest_route=\/wp\/v2\/posts"}],"about":[{"href":"http:\/\/heimatverein.he-webpack.de\/index.php?rest_route=\/wp\/v2\/types\/post"}],"author":[{"embeddable":true,"href":"http:\/\/heimatverein.he-webpack.de\/index.php?rest_route=\/wp\/v2\/users\/2"}],"replies":[{"embeddable":true,"href":"http:\/\/heimatverein.he-webpack.de\/index.php?rest_route=%2Fwp%2Fv2%2Fcomments&post=12908"}],"version-history":[{"count":6,"href":"http:\/\/heimatverein.he-webpack.de\/index.php?rest_route=\/wp\/v2\/posts\/12908\/revisions"}],"predecessor-version":[{"id":12915,"href":"http:\/\/heimatverein.he-webpack.de\/index.php?rest_route=\/wp\/v2\/posts\/12908\/revisions\/12915"}],"wp:attachment":[{"href":"http:\/\/heimatverein.he-webpack.de\/index.php?rest_route=%2Fwp%2Fv2%2Fmedia&parent=12908"}],"wp:term":[{"taxonomy":"category","embeddable":true,"href":"http:\/\/heimatverein.he-webpack.de\/index.php?rest_route=%2Fwp%2Fv2%2Fcategories&post=12908"},{"taxonomy":"post_tag","embeddable":true,"href":"http:\/\/heimatverein.he-webpack.de\/index.php?rest_route=%2Fwp%2Fv2%2Ftags&post=12908"}],"curies":[{"name":"wp","href":"https:\/\/api.w.org\/{rel}","templated":true}]}}