{"id":12872,"date":"2024-10-03T20:49:24","date_gmt":"2024-10-03T18:49:24","guid":{"rendered":"http:\/\/heimatverein.he-webpack.de\/?p=12872"},"modified":"2024-10-05T10:33:16","modified_gmt":"2024-10-05T08:33:16","slug":"ein-ungewoehnlicher-nistplatz","status":"publish","type":"post","link":"http:\/\/heimatverein.he-webpack.de\/?p=12872","title":{"rendered":"Ein ungew\u00f6hnlicher Nistplatz"},"content":{"rendered":"<p><div id=\"attachment_12873\" style=\"width: 210px\" class=\"wp-caption alignright\"><a href=\"http:\/\/heimatverein.he-webpack.de\/wp-content\/uploads\/2024\/10\/Hornissen-Nest-bei-Johanna1000.jpg\" rel=\"lightbox[12872]\"><img loading=\"lazy\" decoding=\"async\" aria-describedby=\"caption-attachment-12873\" src=\"http:\/\/heimatverein.he-webpack.de\/wp-content\/uploads\/2024\/10\/Hornissen-Nest-bei-Johanna1000-200x150.jpg\" alt=\"\" width=\"200\" height=\"150\" class=\"size-thumbnail wp-image-12873\" srcset=\"http:\/\/heimatverein.he-webpack.de\/wp-content\/uploads\/2024\/10\/Hornissen-Nest-bei-Johanna1000-200x150.jpg 200w, http:\/\/heimatverein.he-webpack.de\/wp-content\/uploads\/2024\/10\/Hornissen-Nest-bei-Johanna1000-300x225.jpg 300w, http:\/\/heimatverein.he-webpack.de\/wp-content\/uploads\/2024\/10\/Hornissen-Nest-bei-Johanna1000-768x577.jpg 768w, http:\/\/heimatverein.he-webpack.de\/wp-content\/uploads\/2024\/10\/Hornissen-Nest-bei-Johanna1000-150x113.jpg 150w, http:\/\/heimatverein.he-webpack.de\/wp-content\/uploads\/2024\/10\/Hornissen-Nest-bei-Johanna1000-400x300.jpg 400w, http:\/\/heimatverein.he-webpack.de\/wp-content\/uploads\/2024\/10\/Hornissen-Nest-bei-Johanna1000.jpg 1000w\" sizes=\"auto, (max-width: 200px) 100vw, 200px\" \/><\/a><p id=\"caption-attachment-12873\" class=\"wp-caption-text\">Hornissen bei Johanna<\/p><\/div>02.10.2024 UB &#8211; Eine Hornissenk\u00f6nigin nistete sich, bei Connemann am Feldweg, im Fr\u00fchjahr 2024 mit dem sich dann aufbauendem Staat in einer ausgestellten Gitarre auf der Terrasse an. Die unter Schutz stehende Art baute das Nest und den Staat \u00fcber das Jahr weiter aus. Das Nest quoll aus der Gittarre. Im Fr\u00fchherbst erreichte nun das Nest die gr\u00f6\u00dfte Ausdehnung.  <\/p>\n<p>Die Hornisse geh\u00f6rt zur Familie der Wespen ist aber wesentlich gr\u00f6\u00dfer und friedlicher. Das konnten auch Johanna und Heinz feststellen. Wenn man nicht direkt das Nest st\u00f6rt ziehen sie friedlich ihrer Wege. Ein zwei bis drei Meter Abstand reicht schon. Sie werden auch nicht wie die allgemeine Wespe durch S\u00fc\u00dfigkeiten angezogen, sondern ern\u00e4hren ihre Brut von Insekten wie Fliegen, Wespen, Bienen, Heuschrecken, K\u00e4fern, Raupen, Libellen, etc.  Sie halten also die Umgebung des Nestes von Kleingetier frei. Erwachsene Tiere ern\u00e4hren sich von Pflanzens\u00e4ften oder auch Fallobst. Das Volk stirbt im Winter ab. Nur befruchtete Jungk\u00f6niginen \u00fcberleben bis ins n\u00e4chste Jahr. Jedes Jahr bauen die K\u00f6niginnen ein neues Nest und gr\u00fcnden einen neuen Staat.<\/p>\n","protected":false},"excerpt":{"rendered":"<p><p id=\"caption-attachment-12873\" class=\"wp-caption-text\">Hornissen bei Johanna<\/p>\n<p>02.10.2024 UB &#8211; Eine Hornissenk\u00f6nigin nistete sich, bei Connemann am Feldweg, im Fr\u00fchjahr 2024 mit dem sich dann aufbauendem Staat in einer ausgestellten Gitarre auf der Terrasse an. Die unter Schutz stehende Art baute das Nest und den Staat \u00fcber das Jahr weiter aus. Das Nest quoll aus der Gittarre. Im [&#8230;]<\/p>\n","protected":false},"author":2,"featured_media":0,"comment_status":"closed","ping_status":"open","sticky":false,"template":"","format":"standard","meta":{"ngg_post_thumbnail":0,"footnotes":""},"categories":[3],"tags":[],"class_list":["post-12872","post","type-post","status-publish","format-standard","hentry","category-neuigkeiten","odd"],"_links":{"self":[{"href":"http:\/\/heimatverein.he-webpack.de\/index.php?rest_route=\/wp\/v2\/posts\/12872","targetHints":{"allow":["GET"]}}],"collection":[{"href":"http:\/\/heimatverein.he-webpack.de\/index.php?rest_route=\/wp\/v2\/posts"}],"about":[{"href":"http:\/\/heimatverein.he-webpack.de\/index.php?rest_route=\/wp\/v2\/types\/post"}],"author":[{"embeddable":true,"href":"http:\/\/heimatverein.he-webpack.de\/index.php?rest_route=\/wp\/v2\/users\/2"}],"replies":[{"embeddable":true,"href":"http:\/\/heimatverein.he-webpack.de\/index.php?rest_route=%2Fwp%2Fv2%2Fcomments&post=12872"}],"version-history":[{"count":6,"href":"http:\/\/heimatverein.he-webpack.de\/index.php?rest_route=\/wp\/v2\/posts\/12872\/revisions"}],"predecessor-version":[{"id":12886,"href":"http:\/\/heimatverein.he-webpack.de\/index.php?rest_route=\/wp\/v2\/posts\/12872\/revisions\/12886"}],"wp:attachment":[{"href":"http:\/\/heimatverein.he-webpack.de\/index.php?rest_route=%2Fwp%2Fv2%2Fmedia&parent=12872"}],"wp:term":[{"taxonomy":"category","embeddable":true,"href":"http:\/\/heimatverein.he-webpack.de\/index.php?rest_route=%2Fwp%2Fv2%2Fcategories&post=12872"},{"taxonomy":"post_tag","embeddable":true,"href":"http:\/\/heimatverein.he-webpack.de\/index.php?rest_route=%2Fwp%2Fv2%2Ftags&post=12872"}],"curies":[{"name":"wp","href":"https:\/\/api.w.org\/{rel}","templated":true}]}}