{"id":12710,"date":"2024-09-10T23:21:27","date_gmt":"2024-09-10T21:21:27","guid":{"rendered":"http:\/\/heimatverein.he-webpack.de\/?p=12710"},"modified":"2024-09-10T23:31:32","modified_gmt":"2024-09-10T21:31:32","slug":"teichfest-war-ein-voller-erfolg","status":"publish","type":"post","link":"http:\/\/heimatverein.he-webpack.de\/?p=12710","title":{"rendered":"Teichfest war ein voller Erfolg"},"content":{"rendered":"<p><a href=\"http:\/\/heimatverein.he-webpack.de\/wp-content\/uploads\/2024\/09\/Teichfest-1000.jpg\" rel=\"lightbox[12710]\"><img loading=\"lazy\" decoding=\"async\" src=\"http:\/\/heimatverein.he-webpack.de\/wp-content\/uploads\/2024\/09\/Teichfest-1000-200x150.jpg\" alt=\"\" width=\"200\" height=\"150\" class=\"alignright size-thumbnail wp-image-12711\" \/><\/a>10.09.2024 UB &#8211; Man begann am Samstag den 31. Aug. 2024 um 17 Uhr mit einem \u00f6kumenischen Gottesdienst. Pastor Mathias Voss, Diakonin Astrid Farwick von der Markusgemeinde und Elke Grote und Petra Macke vom Pfarrverbund St. Barbara hielten den Gottesdienst. An diesem Abend wurden die Firmlinge von St. Jodocus zusammen mit den Konfirmanden der Markusgemeinde S\u00f6gel vorgestellt. Mit Wollf\u00e4den wurde die Verbundenheit der Konfirmanden und Firmlinge untereinander und mit der Gesellschaft dargestellt. Man feierte ein buntes Fest.<\/p>\n<p>Der Heimatverein hatte den Heimathof wunderbar ausstaffiert und bot ein sch\u00f6nes Ambiente f\u00fcr den Gottesdienst und dem Fest an diesem Abend und der Nacht. Bei sch\u00f6nem Sp\u00e4tsommerwetter lie\u00df man es sich gut gehen. F\u00fcr Essen und Trinken war gesorgt. Es gab eine Reihe von Angeboten f\u00fcr Jung und Alt. Von der H\u00fcpfburg f\u00fcr Kinder, Wasserspiele mit der Feuerwehr, Spiele, Ausstellungen, Filmvortr\u00e4ge, Angebote der Imker, der Volksbank Nordh\u00fcmmling und Plattd\u00fctsk-Theater der Plattd\u00fctsk-Gruppe der Grundschule. Bewerkstelligt wurde dieses mit Hilfe der KLJB, der KfD, der H\u00fcmmlinger Musikanten, der Jugendfeuer B\u00f6rger sowie weiteren Gruppen und Helfern. Die Beteiligung der Bev\u00f6lkerung war, gemessen an den Jahren vor der Corona-Pandemie, erfreulich gro\u00df. <\/p>\n","protected":false},"excerpt":{"rendered":"<p>10.09.2024 UB &#8211; Man begann am Samstag den 31. Aug. 2024 um 17 Uhr mit einem \u00f6kumenischen Gottesdienst. Pastor Mathias Voss, Diakonin Astrid Farwick von der Markusgemeinde und Elke Grote und Petra Macke vom Pfarrverbund St. Barbara hielten den Gottesdienst. An diesem Abend wurden die Firmlinge von St. Jodocus zusammen mit den Konfirmanden der Markusgemeinde [&#8230;]<\/p>\n","protected":false},"author":2,"featured_media":0,"comment_status":"closed","ping_status":"open","sticky":false,"template":"","format":"standard","meta":{"ngg_post_thumbnail":0,"footnotes":""},"categories":[3],"tags":[],"class_list":["post-12710","post","type-post","status-publish","format-standard","hentry","category-neuigkeiten","odd"],"_links":{"self":[{"href":"http:\/\/heimatverein.he-webpack.de\/index.php?rest_route=\/wp\/v2\/posts\/12710","targetHints":{"allow":["GET"]}}],"collection":[{"href":"http:\/\/heimatverein.he-webpack.de\/index.php?rest_route=\/wp\/v2\/posts"}],"about":[{"href":"http:\/\/heimatverein.he-webpack.de\/index.php?rest_route=\/wp\/v2\/types\/post"}],"author":[{"embeddable":true,"href":"http:\/\/heimatverein.he-webpack.de\/index.php?rest_route=\/wp\/v2\/users\/2"}],"replies":[{"embeddable":true,"href":"http:\/\/heimatverein.he-webpack.de\/index.php?rest_route=%2Fwp%2Fv2%2Fcomments&post=12710"}],"version-history":[{"count":6,"href":"http:\/\/heimatverein.he-webpack.de\/index.php?rest_route=\/wp\/v2\/posts\/12710\/revisions"}],"predecessor-version":[{"id":12718,"href":"http:\/\/heimatverein.he-webpack.de\/index.php?rest_route=\/wp\/v2\/posts\/12710\/revisions\/12718"}],"wp:attachment":[{"href":"http:\/\/heimatverein.he-webpack.de\/index.php?rest_route=%2Fwp%2Fv2%2Fmedia&parent=12710"}],"wp:term":[{"taxonomy":"category","embeddable":true,"href":"http:\/\/heimatverein.he-webpack.de\/index.php?rest_route=%2Fwp%2Fv2%2Fcategories&post=12710"},{"taxonomy":"post_tag","embeddable":true,"href":"http:\/\/heimatverein.he-webpack.de\/index.php?rest_route=%2Fwp%2Fv2%2Ftags&post=12710"}],"curies":[{"name":"wp","href":"https:\/\/api.w.org\/{rel}","templated":true}]}}