{"id":12695,"date":"2024-08-23T20:12:48","date_gmt":"2024-08-23T18:12:48","guid":{"rendered":"http:\/\/heimatverein.he-webpack.de\/?p=12695"},"modified":"2024-09-18T11:07:40","modified_gmt":"2024-09-18T09:07:40","slug":"allgeier-porsche-traktoren-auf-grosser-fahrt","status":"publish","type":"post","link":"http:\/\/heimatverein.he-webpack.de\/?p=12695","title":{"rendered":"Allgaier-Porsche-Freunde auf gro\u00dfer Fahrt"},"content":{"rendered":"<p><a href=\"http:\/\/heimatverein.he-webpack.de\/wp-content\/uploads\/2024\/08\/Allgeier-Porsche-am-HH-1000jpg.jpg\" rel=\"lightbox[12695]\"><img loading=\"lazy\" decoding=\"async\" src=\"http:\/\/heimatverein.he-webpack.de\/wp-content\/uploads\/2024\/08\/Allgeier-Porsche-am-HH-1000jpg-200x150.jpg\" alt=\"\" width=\"200\" height=\"150\" class=\"alignleft size-thumbnail wp-image-12701\" srcset=\"http:\/\/heimatverein.he-webpack.de\/wp-content\/uploads\/2024\/08\/Allgeier-Porsche-am-HH-1000jpg-200x150.jpg 200w, http:\/\/heimatverein.he-webpack.de\/wp-content\/uploads\/2024\/08\/Allgeier-Porsche-am-HH-1000jpg-300x225.jpg 300w, http:\/\/heimatverein.he-webpack.de\/wp-content\/uploads\/2024\/08\/Allgeier-Porsche-am-HH-1000jpg-768x577.jpg 768w, http:\/\/heimatverein.he-webpack.de\/wp-content\/uploads\/2024\/08\/Allgeier-Porsche-am-HH-1000jpg-150x113.jpg 150w, http:\/\/heimatverein.he-webpack.de\/wp-content\/uploads\/2024\/08\/Allgeier-Porsche-am-HH-1000jpg-400x300.jpg 400w, http:\/\/heimatverein.he-webpack.de\/wp-content\/uploads\/2024\/08\/Allgeier-Porsche-am-HH-1000jpg.jpg 1000w\" sizes=\"auto, (max-width: 200px) 100vw, 200px\" \/><\/a>23.08.2024 UB &#8211; Mit \u00fcber ein Dutzend Traktoren machte der Allgaier-Porsche Club am 23.08.2024 halt am Heimathof. Die aus ganz Deutschland zusammen gekommenen Mitglieder mit ihren Fahrzeugen waren an diesem Tag auf dem H\u00fcmmling unterwegs. Im Walkem\u00fcllerhaus in B\u00f6rger genoss man Kaffee und Kuchen.<a href=\"http:\/\/heimatverein.he-webpack.de\/wp-content\/uploads\/2024\/08\/Allgeier-Club-im-HH.jpg\" rel=\"lightbox[12695]\"><img loading=\"lazy\" decoding=\"async\" src=\"http:\/\/heimatverein.he-webpack.de\/wp-content\/uploads\/2024\/08\/Allgeier-Club-im-HH-200x150.jpg\" alt=\"\" width=\"200\" height=\"150\" class=\"alignright size-thumbnail wp-image-12705\" \/><\/a>Johanna Terhalle und Monika Langen bewirteten die G\u00e4ste. <\/p>\n<p>Organisiert hat diese Ausfahrt Manfred Abheiden aus Papenburg. Der Traktorclub hat \u00fcber 50 Mitglieder. Diese haben sich vor einigen Jahren vom Porsche-Club Europa abgenabelt. Mitglieder kommen aus dem ganzen Bundesgebiet und dar\u00fcber hinaus, vom Bodensee, aus Schleswig Holstein, ja sogar aus Polen. In den n\u00e4chsten Tagen will man bei einem weiteren Ausflug in den Niederlanden unterwegs sein. Es war schon ein imposantes Bild, als die Traktoren auf dem Heimathof bei uns versammelt standen.<\/p>\n","protected":false},"excerpt":{"rendered":"<p>23.08.2024 UB &#8211; Mit \u00fcber ein Dutzend Traktoren machte der Allgaier-Porsche Club am 23.08.2024 halt am Heimathof. Die aus ganz Deutschland zusammen gekommenen Mitglieder mit ihren Fahrzeugen waren an diesem Tag auf dem H\u00fcmmling unterwegs. Im Walkem\u00fcllerhaus in B\u00f6rger genoss man Kaffee und Kuchen.Johanna Terhalle und Monika Langen bewirteten die G\u00e4ste. <\/p>\n<p>Organisiert hat diese [&#8230;]<\/p>\n","protected":false},"author":2,"featured_media":0,"comment_status":"closed","ping_status":"open","sticky":false,"template":"","format":"standard","meta":{"ngg_post_thumbnail":0,"footnotes":""},"categories":[3],"tags":[],"class_list":["post-12695","post","type-post","status-publish","format-standard","hentry","category-neuigkeiten","odd"],"_links":{"self":[{"href":"http:\/\/heimatverein.he-webpack.de\/index.php?rest_route=\/wp\/v2\/posts\/12695","targetHints":{"allow":["GET"]}}],"collection":[{"href":"http:\/\/heimatverein.he-webpack.de\/index.php?rest_route=\/wp\/v2\/posts"}],"about":[{"href":"http:\/\/heimatverein.he-webpack.de\/index.php?rest_route=\/wp\/v2\/types\/post"}],"author":[{"embeddable":true,"href":"http:\/\/heimatverein.he-webpack.de\/index.php?rest_route=\/wp\/v2\/users\/2"}],"replies":[{"embeddable":true,"href":"http:\/\/heimatverein.he-webpack.de\/index.php?rest_route=%2Fwp%2Fv2%2Fcomments&post=12695"}],"version-history":[{"count":10,"href":"http:\/\/heimatverein.he-webpack.de\/index.php?rest_route=\/wp\/v2\/posts\/12695\/revisions"}],"predecessor-version":[{"id":12760,"href":"http:\/\/heimatverein.he-webpack.de\/index.php?rest_route=\/wp\/v2\/posts\/12695\/revisions\/12760"}],"wp:attachment":[{"href":"http:\/\/heimatverein.he-webpack.de\/index.php?rest_route=%2Fwp%2Fv2%2Fmedia&parent=12695"}],"wp:term":[{"taxonomy":"category","embeddable":true,"href":"http:\/\/heimatverein.he-webpack.de\/index.php?rest_route=%2Fwp%2Fv2%2Fcategories&post=12695"},{"taxonomy":"post_tag","embeddable":true,"href":"http:\/\/heimatverein.he-webpack.de\/index.php?rest_route=%2Fwp%2Fv2%2Ftags&post=12695"}],"curies":[{"name":"wp","href":"https:\/\/api.w.org\/{rel}","templated":true}]}}