{"id":12638,"date":"2024-06-29T08:55:32","date_gmt":"2024-06-29T06:55:32","guid":{"rendered":"http:\/\/heimatverein.he-webpack.de\/?p=12638"},"modified":"2024-06-30T08:29:09","modified_gmt":"2024-06-30T06:29:09","slug":"ehrenvorsitzender-heinrich-wesseln-ist-verstorben","status":"publish","type":"post","link":"http:\/\/heimatverein.he-webpack.de\/?p=12638","title":{"rendered":"Ehrenvorsitzender Heinrich Wesseln ist verstorben"},"content":{"rendered":"<p><a href=\"http:\/\/heimatverein.he-webpack.de\/wp-content\/uploads\/2024\/06\/Wesseln-Heinrich.jpg\" rel=\"lightbox[12638]\"><img loading=\"lazy\" decoding=\"async\" src=\"http:\/\/heimatverein.he-webpack.de\/wp-content\/uploads\/2024\/06\/Wesseln-Heinrich-200x150.jpg\" alt=\"\" width=\"200\" height=\"150\" class=\"alignleft size-thumbnail wp-image-12642\" \/><\/a>28.06.2024 UB &#8211; Wir m\u00fcssen Abschied nehmen von unserem ehemaligen Vorsitzenden und Ehrenvorsitzenden. Wir trauern mit seiner Ehefrau Erika und allen Angeh\u00f6rigen \u00fcber den Verlust. Er wurde am 21. M\u00e4rz 1935 in Ahlen\/Ems geboren und starb heute fr\u00fch in B\u00f6rger. <\/p>\n<p>Heinrich kam 1966 als Lehrer an die Haupt- und Grundschule B\u00f6rger. Vorher war er in Gehlenberg als Lehrer t\u00e4tig. Hier in B\u00f6rger war er dann bis zu seiner Pensionierung als Konrektor und ab 1971 als Rektor t\u00e4tig. In seiner Freizeit engagierte er sich, und auch seine Ehefrau, in verschiedenen Gruppen und Vereinen der Gemeinde. Er ist Gr\u00fcndungsmitglied des Heimatverein B\u00f6rger e.V. im Dez. 1987. Vorher arbeitete er erfolgreich f\u00fcr die Dorferneuerung. Aus der Arbeit bei der Dorferneuerung entstand der Heimatverein B\u00f6rger. <strong>Heinrich Wesseln<\/strong> geh\u00f6rte dem ersten Vorstand des Heimatverein B\u00f6rger e. V. als Schriftf\u00fchrer an und wurde im M\u00e4rz 1994 als Nachfolger von Bene M\u00fcller-Andrees zum Vorsitzenden gew\u00e4hlt. Dieses Amt f\u00fcllte er bis zum Mai 2000 aus. Im M\u00e4rz 2004 wurde er aufgrund seiner langj\u00e4hrigen erfolgreichen Arbeit in verschiedenen Arbeitsgruppen des Heimatverein und im Vorstand, zum Ehrenvorsitzenden des Heimatvereines B\u00f6rger gew\u00e4hlt.<\/p>\n<p>Mit ihm verlieren wir eine Pers\u00f6nlichkeit aus der F\u00fchrungsriege des Heimatverein. Wir danken Heinrich f\u00fcr seine aufopferungsvolle Arbeit im Verein und werden ihm stets ein ehrendes Gedenken bewahren. F\u00fcr den Heimatverein B\u00f6rger e. V.: Erste Vorsitzende Johanna Terhalle, zweiter Vorsitzender Heinrich Oldiges, Schriftf\u00fchrerin Tanja Grote, Kassenf\u00fchrer Stefan Sievers, Beisitzer im Vorstand: Monika Langen, Henry van der Kamp, Hermann Eilers, Hermann T\u00f6bben und Hermann Ubbenjans.<\/p>\n","protected":false},"excerpt":{"rendered":"<p>28.06.2024 UB &#8211; Wir m\u00fcssen Abschied nehmen von unserem ehemaligen Vorsitzenden und Ehrenvorsitzenden. Wir trauern mit seiner Ehefrau Erika und allen Angeh\u00f6rigen \u00fcber den Verlust. Er wurde am 21. M\u00e4rz 1935 in Ahlen\/Ems geboren und starb heute fr\u00fch in B\u00f6rger. <\/p>\n<p>Heinrich kam 1966 als Lehrer an die Haupt- und Grundschule B\u00f6rger. Vorher war er [&#8230;]<\/p>\n","protected":false},"author":2,"featured_media":0,"comment_status":"closed","ping_status":"open","sticky":false,"template":"","format":"standard","meta":{"ngg_post_thumbnail":0,"footnotes":""},"categories":[3],"tags":[],"class_list":["post-12638","post","type-post","status-publish","format-standard","hentry","category-neuigkeiten","odd"],"_links":{"self":[{"href":"http:\/\/heimatverein.he-webpack.de\/index.php?rest_route=\/wp\/v2\/posts\/12638","targetHints":{"allow":["GET"]}}],"collection":[{"href":"http:\/\/heimatverein.he-webpack.de\/index.php?rest_route=\/wp\/v2\/posts"}],"about":[{"href":"http:\/\/heimatverein.he-webpack.de\/index.php?rest_route=\/wp\/v2\/types\/post"}],"author":[{"embeddable":true,"href":"http:\/\/heimatverein.he-webpack.de\/index.php?rest_route=\/wp\/v2\/users\/2"}],"replies":[{"embeddable":true,"href":"http:\/\/heimatverein.he-webpack.de\/index.php?rest_route=%2Fwp%2Fv2%2Fcomments&post=12638"}],"version-history":[{"count":18,"href":"http:\/\/heimatverein.he-webpack.de\/index.php?rest_route=\/wp\/v2\/posts\/12638\/revisions"}],"predecessor-version":[{"id":12657,"href":"http:\/\/heimatverein.he-webpack.de\/index.php?rest_route=\/wp\/v2\/posts\/12638\/revisions\/12657"}],"wp:attachment":[{"href":"http:\/\/heimatverein.he-webpack.de\/index.php?rest_route=%2Fwp%2Fv2%2Fmedia&parent=12638"}],"wp:term":[{"taxonomy":"category","embeddable":true,"href":"http:\/\/heimatverein.he-webpack.de\/index.php?rest_route=%2Fwp%2Fv2%2Fcategories&post=12638"},{"taxonomy":"post_tag","embeddable":true,"href":"http:\/\/heimatverein.he-webpack.de\/index.php?rest_route=%2Fwp%2Fv2%2Ftags&post=12638"}],"curies":[{"name":"wp","href":"https:\/\/api.w.org\/{rel}","templated":true}]}}