{"id":12626,"date":"2024-06-18T15:38:36","date_gmt":"2024-06-18T13:38:36","guid":{"rendered":"http:\/\/heimatverein.he-webpack.de\/?p=12626"},"modified":"2024-11-08T09:14:49","modified_gmt":"2024-11-08T08:14:49","slug":"teichfest-miteinander-wir-feiern-ein-buntes-fest","status":"publish","type":"post","link":"http:\/\/heimatverein.he-webpack.de\/?p=12626","title":{"rendered":"Teichfest \u201eMiteinander \u2013 Wir feiern ein buntes Fest\u201c"},"content":{"rendered":"<p><div id=\"attachment_12627\" style=\"width: 210px\" class=\"wp-caption alignright\"><a href=\"http:\/\/heimatverein.he-webpack.de\/wp-content\/uploads\/2024\/06\/Teich-scaled-e1718718248122.jpg\" rel=\"lightbox[12626]\"><img loading=\"lazy\" decoding=\"async\" aria-describedby=\"caption-attachment-12627\" src=\"http:\/\/heimatverein.he-webpack.de\/wp-content\/uploads\/2024\/06\/Teich-scaled-e1718718248122-200x150.jpg\" alt=\"Foto: TG\" width=\"200\" height=\"150\" class=\"size-thumbnail wp-image-12627\" srcset=\"http:\/\/heimatverein.he-webpack.de\/wp-content\/uploads\/2024\/06\/Teich-scaled-e1718718248122-200x150.jpg 200w, http:\/\/heimatverein.he-webpack.de\/wp-content\/uploads\/2024\/06\/Teich-scaled-e1718718248122-150x113.jpg 150w, http:\/\/heimatverein.he-webpack.de\/wp-content\/uploads\/2024\/06\/Teich-scaled-e1718718248122.jpg 300w\" sizes=\"auto, (max-width: 200px) 100vw, 200px\" \/><\/a><p id=\"caption-attachment-12627\" class=\"wp-caption-text\">Foto: T.G.<\/p><\/div>18.06.2024 TG &#8211;<\/p>\n<p>Der Heimatverein l\u00e4dt alle Mitb\u00fcrger am <strong>31.08.24<\/strong> zum traditionellen Teichfest ein. Unter dem Motto \u201eMiteinander \u2013 Wir feiern ein buntes Fest\u201c werden wir ab <strong>17.00 Uhr<\/strong> mit einem \u00f6kumenischen Gottesdienst beginnen. Anschlie\u00dfend genie\u00dfen wir einen tollen Abend mit vielen netten Gespr\u00e4chen, bewundern einige Oldtimer und lassen uns durch kleine K\u00f6stlichkeiten verw\u00f6hnen. Wir freuen uns auf euer zahlreiches Erscheinen auf dem Heimathof.<\/p>\n","protected":false},"excerpt":{"rendered":"<p><p id=\"caption-attachment-12627\" class=\"wp-caption-text\">Foto: T.G.<\/p>\n<p>18.06.2024 TG &#8211;<\/p>\n<p>Der Heimatverein l\u00e4dt alle Mitb\u00fcrger am 31.08.24 zum traditionellen Teichfest ein. Unter dem Motto \u201eMiteinander \u2013 Wir feiern ein buntes Fest\u201c werden wir ab 17.00 Uhr mit einem \u00f6kumenischen Gottesdienst beginnen. Anschlie\u00dfend genie\u00dfen wir einen tollen Abend mit vielen netten Gespr\u00e4chen, bewundern einige Oldtimer und lassen uns durch kleine [&#8230;]<\/p>\n","protected":false},"author":20,"featured_media":0,"comment_status":"closed","ping_status":"open","sticky":false,"template":"","format":"standard","meta":{"ngg_post_thumbnail":0,"footnotes":""},"categories":[3],"tags":[],"class_list":["post-12626","post","type-post","status-publish","format-standard","hentry","category-neuigkeiten","odd"],"_links":{"self":[{"href":"http:\/\/heimatverein.he-webpack.de\/index.php?rest_route=\/wp\/v2\/posts\/12626","targetHints":{"allow":["GET"]}}],"collection":[{"href":"http:\/\/heimatverein.he-webpack.de\/index.php?rest_route=\/wp\/v2\/posts"}],"about":[{"href":"http:\/\/heimatverein.he-webpack.de\/index.php?rest_route=\/wp\/v2\/types\/post"}],"author":[{"embeddable":true,"href":"http:\/\/heimatverein.he-webpack.de\/index.php?rest_route=\/wp\/v2\/users\/20"}],"replies":[{"embeddable":true,"href":"http:\/\/heimatverein.he-webpack.de\/index.php?rest_route=%2Fwp%2Fv2%2Fcomments&post=12626"}],"version-history":[{"count":6,"href":"http:\/\/heimatverein.he-webpack.de\/index.php?rest_route=\/wp\/v2\/posts\/12626\/revisions"}],"predecessor-version":[{"id":13016,"href":"http:\/\/heimatverein.he-webpack.de\/index.php?rest_route=\/wp\/v2\/posts\/12626\/revisions\/13016"}],"wp:attachment":[{"href":"http:\/\/heimatverein.he-webpack.de\/index.php?rest_route=%2Fwp%2Fv2%2Fmedia&parent=12626"}],"wp:term":[{"taxonomy":"category","embeddable":true,"href":"http:\/\/heimatverein.he-webpack.de\/index.php?rest_route=%2Fwp%2Fv2%2Fcategories&post=12626"},{"taxonomy":"post_tag","embeddable":true,"href":"http:\/\/heimatverein.he-webpack.de\/index.php?rest_route=%2Fwp%2Fv2%2Ftags&post=12626"}],"curies":[{"name":"wp","href":"https:\/\/api.w.org\/{rel}","templated":true}]}}