{"id":12548,"date":"2024-06-02T06:51:42","date_gmt":"2024-06-02T04:51:42","guid":{"rendered":"http:\/\/heimatverein.he-webpack.de\/?p=12548"},"modified":"2024-06-06T00:12:27","modified_gmt":"2024-06-05T22:12:27","slug":"100-jahre-huemmlinger-musikanten","status":"publish","type":"post","link":"http:\/\/heimatverein.he-webpack.de\/?p=12548","title":{"rendered":"100 Jahre H\u00fcmmlinger Musikanten"},"content":{"rendered":"<p><a href=\"http:\/\/heimatverein.he-webpack.de\/wp-content\/uploads\/2024\/06\/HuemMusikanten.jpg\" rel=\"lightbox[12548]\"><img loading=\"lazy\" decoding=\"async\" src=\"http:\/\/heimatverein.he-webpack.de\/wp-content\/uploads\/2024\/06\/HuemMusikanten-200x150.jpg\" alt=\"\" width=\"200\" height=\"150\" class=\"alignright size-thumbnail wp-image-12549\" \/><\/a>02.06.2024 UB &#8211; Mit einem Jubil\u00e4umskonzert feierten die B\u00f6rger Musikanten im gro\u00dfen Festzelt ihr 100j\u00e4hriges Bestehen. Bis auf den letzten Platz war das Festzelt am Samstag auf dem Sch\u00fctzenplatz mit weit \u00fcber 600 musikbegeisterten Fans gef\u00fcllt, die von nah und fern angereist waren. Die langen Vorbereitungen der letzten Monate haben sich gelohnt. Durch das Programm f\u00fchrte erstmalig gekonnt, Andre\u00b4Kr\u00f6mer. <a href=\"http:\/\/heimatverein.he-webpack.de\/wp-content\/uploads\/2024\/06\/Musikanten-Konzert-2024.jpg\" rel=\"lightbox[12548]\"><img loading=\"lazy\" decoding=\"async\" src=\"http:\/\/heimatverein.he-webpack.de\/wp-content\/uploads\/2024\/06\/Musikanten-Konzert-2024-200x150.jpg\" alt=\"\" width=\"200\" height=\"150\" class=\"alignleft size-thumbnail wp-image-12556\" \/><\/a> Er stellte neben dem Werdegang des Vereines die Mitglieder vor. Die Musiker brachten mehrfach mit ihrer Musik das Zelt &#8222;zum kochen&#8220;.<strong> Die Stimmung war bis tief in die Nacht ausgelassen fr\u00f6hlich<\/strong>. In den Nachtstunden spielte danach die Gruppe &#8211; No Tabu &#8211; f\u00fcr die Partyg\u00e4ste. <\/p>\n<p>Heute am Sonntag, trafen sich \u00fcber 15 Gruppen zu einem Sternmarsch von verschiedenen Dorfteilen zur Sandh\u00f6ge. Von dort ging es (8 Kapellen, viele Sch\u00fctzengruppen, die J\u00e4gergruppe begleitet von der Feuerwehr B\u00f6rger und Spahnharrenst\u00e4tte) zum Festplatz. Hier auf dem Festplatz unterst\u00fctzten die B\u00f6rger Vereine die Veranstaltung durch viele Aktionen. Im gro\u00dfen Festzelt fand ein Konzert von 8 Musikkapellen statt, das in einem gemeinsamen Auftritt von \u00fcber 170 Musikern endet.Tr\u00e4nen der <strong>Begeisterung bei den Musikern und G\u00e4nsehaut vieler Zuh\u00f6rer<\/strong>, berichtete man. &#8211; Die Veranstaltung war sehr gut, \u00fcber ein Jahr geplant und klasse umgesetzt.<\/p>\n","protected":false},"excerpt":{"rendered":"<p>02.06.2024 UB &#8211; Mit einem Jubil\u00e4umskonzert feierten die B\u00f6rger Musikanten im gro\u00dfen Festzelt ihr 100j\u00e4hriges Bestehen. Bis auf den letzten Platz war das Festzelt am Samstag auf dem Sch\u00fctzenplatz mit weit \u00fcber 600 musikbegeisterten Fans gef\u00fcllt, die von nah und fern angereist waren. Die langen Vorbereitungen der letzten Monate haben sich gelohnt. Durch das Programm [&#8230;]<\/p>\n","protected":false},"author":2,"featured_media":0,"comment_status":"closed","ping_status":"open","sticky":false,"template":"","format":"standard","meta":{"ngg_post_thumbnail":0,"footnotes":""},"categories":[3],"tags":[],"class_list":["post-12548","post","type-post","status-publish","format-standard","hentry","category-neuigkeiten","odd"],"_links":{"self":[{"href":"http:\/\/heimatverein.he-webpack.de\/index.php?rest_route=\/wp\/v2\/posts\/12548","targetHints":{"allow":["GET"]}}],"collection":[{"href":"http:\/\/heimatverein.he-webpack.de\/index.php?rest_route=\/wp\/v2\/posts"}],"about":[{"href":"http:\/\/heimatverein.he-webpack.de\/index.php?rest_route=\/wp\/v2\/types\/post"}],"author":[{"embeddable":true,"href":"http:\/\/heimatverein.he-webpack.de\/index.php?rest_route=\/wp\/v2\/users\/2"}],"replies":[{"embeddable":true,"href":"http:\/\/heimatverein.he-webpack.de\/index.php?rest_route=%2Fwp%2Fv2%2Fcomments&post=12548"}],"version-history":[{"count":21,"href":"http:\/\/heimatverein.he-webpack.de\/index.php?rest_route=\/wp\/v2\/posts\/12548\/revisions"}],"predecessor-version":[{"id":12579,"href":"http:\/\/heimatverein.he-webpack.de\/index.php?rest_route=\/wp\/v2\/posts\/12548\/revisions\/12579"}],"wp:attachment":[{"href":"http:\/\/heimatverein.he-webpack.de\/index.php?rest_route=%2Fwp%2Fv2%2Fmedia&parent=12548"}],"wp:term":[{"taxonomy":"category","embeddable":true,"href":"http:\/\/heimatverein.he-webpack.de\/index.php?rest_route=%2Fwp%2Fv2%2Fcategories&post=12548"},{"taxonomy":"post_tag","embeddable":true,"href":"http:\/\/heimatverein.he-webpack.de\/index.php?rest_route=%2Fwp%2Fv2%2Ftags&post=12548"}],"curies":[{"name":"wp","href":"https:\/\/api.w.org\/{rel}","templated":true}]}}