{"id":12502,"date":"2024-04-28T08:05:04","date_gmt":"2024-04-28T06:05:04","guid":{"rendered":"http:\/\/heimatverein.he-webpack.de\/?p=12502"},"modified":"2024-05-17T21:52:35","modified_gmt":"2024-05-17T19:52:35","slug":"infotafeln-ueber-unseren-lieblingsort","status":"publish","type":"post","link":"http:\/\/heimatverein.he-webpack.de\/?p=12502","title":{"rendered":"Infotafeln an unserem Lieblingsort"},"content":{"rendered":"<p><a href=\"http:\/\/heimatverein.he-webpack.de\/wp-content\/uploads\/2024\/04\/Infotafel-HH-1000.jpg\" rel=\"lightbox[12502]\"><img loading=\"lazy\" decoding=\"async\" src=\"http:\/\/heimatverein.he-webpack.de\/wp-content\/uploads\/2024\/04\/Infotafel-HH-1000-200x150.jpg\" alt=\"\" width=\"200\" height=\"150\" class=\"alignleft size-thumbnail wp-image-12456\" \/><\/a>25.04.2024 UB &#8211; Mit einer kleinen Zusammenkunft der beteiligten Gruppen, wurden heute vormittag die Infotafeln auf unseren Heimathof in B\u00f6rger der \u00d6ffentlichkeit vorgestellt und \u00fcbergeben. Hier wird die Flora und Fauna der \u00d6rtlichkeit und auch die <strong>Geschichte der Tr\u00e4nken (Dorfteiche) und der Brinke im Ort<\/strong> erkl\u00e4rt. <\/p>\n<p><div id=\"attachment_12472\" style=\"width: 210px\" class=\"wp-caption alignright\"><a href=\"http:\/\/heimatverein.he-webpack.de\/wp-content\/uploads\/2024\/04\/Infotafel-HV-1000-waldJPG.jpg\" rel=\"lightbox[12502]\"><img loading=\"lazy\" decoding=\"async\" aria-describedby=\"caption-attachment-12472\" src=\"http:\/\/heimatverein.he-webpack.de\/wp-content\/uploads\/2024\/04\/Infotafel-HV-1000-waldJPG-200x150.jpg\" alt=\"\" width=\"200\" height=\"150\" class=\"size-thumbnail wp-image-12472\" \/><\/a><p id=\"caption-attachment-12472\" class=\"wp-caption-text\">Auf der einen Seite = Tiere und Pflanzen in der Leemkuhle und hier auf diesem Bild = die im Brink lebenden Gew\u00e4chse und Tiere<\/p><\/div>Mit Unterst\u00fctzung und finanzieller Hilfe des Naturparkes H\u00fcmmling (Projektleiter Tim Hentze (4.v.li.) wurden diese Tafeln von Jutta Over (2.v.li.) aus Meppen mit Infos vom HV B\u00f6rger nach dessen Vorlagen gefertigt. Mit von der Partie war Hubert Scheperjans (3.v.li.) vom Naturpark H\u00fcmmling sowie Bgm. J\u00fcrgen Ermes und GemDir. Johannes M\u00fcller von der Gemeinde B\u00f6rger, nebst Johanna Terhalle, Hermann T\u00f6bben und Hermann Ubbenjans vom Heimatverein B\u00f6rger. <\/p>\n<p>Initiator der Tafeln ist der ehemalige Vorsitzende des HV Hermann Schmitz, der bei einer Besprechung am 19. Juni 2022 in der Zehntscheine, mit Tim Henze und Uwe de Carli vom LK Emsland, dieses anregte. Johanna Terhalle und Hermann Ubbenjans waren bei dieser Besprechung dabei. Man versprach damals dem HV B\u00f6rger zu unterst\u00fctzen. Dieses Gespr\u00e4ch hat Fr\u00fcchte getragen. Man habe diese wundersch\u00f6ne \u00d6rtlichkeit in B\u00f6rger aufgewertet. Es sei ein Kleinod, dass es zu erhalten und zu sch\u00fctzen gilt, so die Aussage damals, und so auch heute. (Fotos: UB)<\/p>\n","protected":false},"excerpt":{"rendered":"<p>25.04.2024 UB &#8211; Mit einer kleinen Zusammenkunft der beteiligten Gruppen, wurden heute vormittag die Infotafeln auf unseren Heimathof in B\u00f6rger der \u00d6ffentlichkeit vorgestellt und \u00fcbergeben. Hier wird die Flora und Fauna der \u00d6rtlichkeit und auch die Geschichte der Tr\u00e4nken (Dorfteiche) und der Brinke im Ort erkl\u00e4rt. <\/p>\n<p><p id=\"caption-attachment-12472\" class=\"wp-caption-text\">Auf der einen Seite = Tiere [&#8230;]<\/p>\n","protected":false},"author":2,"featured_media":0,"comment_status":"closed","ping_status":"open","sticky":false,"template":"","format":"standard","meta":{"ngg_post_thumbnail":0,"footnotes":""},"categories":[3],"tags":[],"class_list":["post-12502","post","type-post","status-publish","format-standard","hentry","category-neuigkeiten","odd"],"_links":{"self":[{"href":"http:\/\/heimatverein.he-webpack.de\/index.php?rest_route=\/wp\/v2\/posts\/12502","targetHints":{"allow":["GET"]}}],"collection":[{"href":"http:\/\/heimatverein.he-webpack.de\/index.php?rest_route=\/wp\/v2\/posts"}],"about":[{"href":"http:\/\/heimatverein.he-webpack.de\/index.php?rest_route=\/wp\/v2\/types\/post"}],"author":[{"embeddable":true,"href":"http:\/\/heimatverein.he-webpack.de\/index.php?rest_route=\/wp\/v2\/users\/2"}],"replies":[{"embeddable":true,"href":"http:\/\/heimatverein.he-webpack.de\/index.php?rest_route=%2Fwp%2Fv2%2Fcomments&post=12502"}],"version-history":[{"count":6,"href":"http:\/\/heimatverein.he-webpack.de\/index.php?rest_route=\/wp\/v2\/posts\/12502\/revisions"}],"predecessor-version":[{"id":12544,"href":"http:\/\/heimatverein.he-webpack.de\/index.php?rest_route=\/wp\/v2\/posts\/12502\/revisions\/12544"}],"wp:attachment":[{"href":"http:\/\/heimatverein.he-webpack.de\/index.php?rest_route=%2Fwp%2Fv2%2Fmedia&parent=12502"}],"wp:term":[{"taxonomy":"category","embeddable":true,"href":"http:\/\/heimatverein.he-webpack.de\/index.php?rest_route=%2Fwp%2Fv2%2Fcategories&post=12502"},{"taxonomy":"post_tag","embeddable":true,"href":"http:\/\/heimatverein.he-webpack.de\/index.php?rest_route=%2Fwp%2Fv2%2Ftags&post=12502"}],"curies":[{"name":"wp","href":"https:\/\/api.w.org\/{rel}","templated":true}]}}