{"id":12489,"date":"2024-04-28T07:44:53","date_gmt":"2024-04-28T05:44:53","guid":{"rendered":"http:\/\/heimatverein.he-webpack.de\/?p=12489"},"modified":"2024-04-28T10:48:12","modified_gmt":"2024-04-28T08:48:12","slug":"ahnenforschung-und-buecherboerse","status":"publish","type":"post","link":"http:\/\/heimatverein.he-webpack.de\/?p=12489","title":{"rendered":"Ahnenforschung und B\u00fccherb\u00f6rse"},"content":{"rendered":"<p><div id=\"attachment_12496\" style=\"width: 210px\" class=\"wp-caption alignright\"><a href=\"http:\/\/heimatverein.he-webpack.de\/wp-content\/uploads\/2024\/04\/Familienforscher-Mz2024-900.jpg\" rel=\"lightbox[12489]\"><img loading=\"lazy\" decoding=\"async\" aria-describedby=\"caption-attachment-12496\" src=\"http:\/\/heimatverein.he-webpack.de\/wp-content\/uploads\/2024\/04\/Familienforscher-Mz2024-900-200x150.jpg\" alt=\"\" width=\"200\" height=\"150\" class=\"size-thumbnail wp-image-12496\" \/><\/a><p id=\"caption-attachment-12496\" class=\"wp-caption-text\">Hans Schwarte (Heimatring Lorup) und Heinz Oldiges fachsimpelten<\/p><\/div>12.04.2024 UB &#8211; Am  16. M\u00e4rz 2024 trafen sich nachmittags in Lingen, in den Markt- und Messehallen, Mitglieder der Arbeitskreise \u201eFamilienforschung\u201c des EHB und der Heimatvereine, sowie Anbieter von Heimatliteratur. Vom HV B\u00f6rger nahmen Heinz Oldiges und Hermann Ubbenjans teil. Dr. Ludwig Remling, Vorsitzender des AK Familienforschung der Emsl\u00e4ndischen Landschaft und Frau Veronika Olbrich (Gesch\u00e4ftsf\u00fchrerin EHB) begr\u00fc\u00dfte die anwesenden Aussteller und besonders die angereisten H\u00fcmmlinger aus Lorup und B\u00f6rger. <\/p>\n<p>An diesem Nachmittag wurden die neuesten B\u00fccher und viele Altbest\u00e4nde angeboten und wechselten den Besitzer. Ahnenlisten und Forschungsberichte waren einzusehen. Informationen wurden ausgetauscht. Wir hatten mit den Freunden vom Heimatring Lorup wie schon im Okt. 2019 einen gemeinsamen Stand. Neben Fachleuten begr\u00fc\u00dfte man viele interessierte G\u00e4ste, die sich hier \u00fcber ihre eigenen <strong>\u201eStammb\u00e4ume\u201c oder f\u00fcr \u201eFachb\u00fccher\u201c<\/strong> interessierten. Es gab einen regen Austausch. <\/p>\n","protected":false},"excerpt":{"rendered":"<p><p id=\"caption-attachment-12496\" class=\"wp-caption-text\">Hans Schwarte (Heimatring Lorup) und Heinz Oldiges fachsimpelten<\/p>\n<p>12.04.2024 UB &#8211; Am 16. M\u00e4rz 2024 trafen sich nachmittags in Lingen, in den Markt- und Messehallen, Mitglieder der Arbeitskreise \u201eFamilienforschung\u201c des EHB und der Heimatvereine, sowie Anbieter von Heimatliteratur. Vom HV B\u00f6rger nahmen Heinz Oldiges und Hermann Ubbenjans teil. Dr. Ludwig Remling, Vorsitzender des AK [&#8230;]<\/p>\n","protected":false},"author":2,"featured_media":0,"comment_status":"closed","ping_status":"open","sticky":false,"template":"","format":"standard","meta":{"ngg_post_thumbnail":0,"footnotes":""},"categories":[3],"tags":[],"class_list":["post-12489","post","type-post","status-publish","format-standard","hentry","category-neuigkeiten","odd"],"_links":{"self":[{"href":"http:\/\/heimatverein.he-webpack.de\/index.php?rest_route=\/wp\/v2\/posts\/12489","targetHints":{"allow":["GET"]}}],"collection":[{"href":"http:\/\/heimatverein.he-webpack.de\/index.php?rest_route=\/wp\/v2\/posts"}],"about":[{"href":"http:\/\/heimatverein.he-webpack.de\/index.php?rest_route=\/wp\/v2\/types\/post"}],"author":[{"embeddable":true,"href":"http:\/\/heimatverein.he-webpack.de\/index.php?rest_route=\/wp\/v2\/users\/2"}],"replies":[{"embeddable":true,"href":"http:\/\/heimatverein.he-webpack.de\/index.php?rest_route=%2Fwp%2Fv2%2Fcomments&post=12489"}],"version-history":[{"count":11,"href":"http:\/\/heimatverein.he-webpack.de\/index.php?rest_route=\/wp\/v2\/posts\/12489\/revisions"}],"predecessor-version":[{"id":12512,"href":"http:\/\/heimatverein.he-webpack.de\/index.php?rest_route=\/wp\/v2\/posts\/12489\/revisions\/12512"}],"wp:attachment":[{"href":"http:\/\/heimatverein.he-webpack.de\/index.php?rest_route=%2Fwp%2Fv2%2Fmedia&parent=12489"}],"wp:term":[{"taxonomy":"category","embeddable":true,"href":"http:\/\/heimatverein.he-webpack.de\/index.php?rest_route=%2Fwp%2Fv2%2Fcategories&post=12489"},{"taxonomy":"post_tag","embeddable":true,"href":"http:\/\/heimatverein.he-webpack.de\/index.php?rest_route=%2Fwp%2Fv2%2Ftags&post=12489"}],"curies":[{"name":"wp","href":"https:\/\/api.w.org\/{rel}","templated":true}]}}