{"id":10470,"date":"2022-06-27T06:32:28","date_gmt":"2022-06-27T04:32:28","guid":{"rendered":"http:\/\/heimatverein.he-webpack.de\/?p=10470"},"modified":"2022-06-27T16:32:49","modified_gmt":"2022-06-27T14:32:49","slug":"up-visite-bin-heimatring-loorpe","status":"publish","type":"post","link":"http:\/\/heimatverein.he-webpack.de\/?p=10470","title":{"rendered":"Up Visite bi\u00b4n Heimatring Loorpe"},"content":{"rendered":"<p><div id=\"attachment_10471\" style=\"width: 310px\" class=\"wp-caption alignright\"><a href=\"http:\/\/heimatverein.he-webpack.de\/wp-content\/uploads\/2022\/06\/Radtour-1200.jpg\" rel=\"lightbox[10470]\"><img loading=\"lazy\" decoding=\"async\" aria-describedby=\"caption-attachment-10471\" src=\"http:\/\/heimatverein.he-webpack.de\/wp-content\/uploads\/2022\/06\/Radtour-1200-300x188.jpg\" alt=\"\" width=\"300\" height=\"188\" class=\"size-medium wp-image-10471\" srcset=\"http:\/\/heimatverein.he-webpack.de\/wp-content\/uploads\/2022\/06\/Radtour-1200-300x188.jpg 300w, http:\/\/heimatverein.he-webpack.de\/wp-content\/uploads\/2022\/06\/Radtour-1200-768x481.jpg 768w, http:\/\/heimatverein.he-webpack.de\/wp-content\/uploads\/2022\/06\/Radtour-1200-1024x642.jpg 1024w, http:\/\/heimatverein.he-webpack.de\/wp-content\/uploads\/2022\/06\/Radtour-1200-150x94.jpg 150w, http:\/\/heimatverein.he-webpack.de\/wp-content\/uploads\/2022\/06\/Radtour-1200-400x251.jpg 400w, http:\/\/heimatverein.he-webpack.de\/wp-content\/uploads\/2022\/06\/Radtour-1200.jpg 1200w\" sizes=\"auto, (max-width: 300px) 100vw, 300px\" \/><\/a><p id=\"caption-attachment-10471\" class=\"wp-caption-text\">Mit Rad up \u00b4n Patt (Fotos: UB)<\/p><\/div>27.6.2022 UB &#8211; Gistern b\u00fcnnt wi per Pedes bi bestet Sommerw\u00e4r up Patt w\u00e4hn. Et g\u00fcng oaver Breddenbarg, oaver\u00b4n Heerwaech un M\u00f6hlenbarg na Esterwaegen hen Erika-See. Doar geff dat n\u00b4e l\u00fctke Rast. Oaver de Ohe g\u00fcng dat dann na Hilkenbrook, doar dat sch\u00f6ne H\u00fcmmlinger Land na Loorpe. In dat m\u00f6ije H\u00fcrhus van Heimatring Loorpe b\u00fcn wi van Ludwig Wilken un Hans Schwarte toau Kaffee un Kaouken inloarn woarn. Hans Schwarte vertellde us van Heimatring un van dej Arbeit in Verein. Dej Heimatring Loorpe ist mit 600 L\u00fce und 7 Arbeitskreise wall dej aktivste, gr\u00f6tste un aine van de \u00f6ldesten Heimatvereine up \u00b4n H\u00fcmmling. Na dej Besichtigung van dej Exponate in\u00b4t H\u00fcrhus un dej R\u00fcme van de Meyer-Wellmann-Stiftung in \u00b4t H\u00fcrhus g\u00fcng dat in de Warkst\u00e4e &#8222;Grummel-Jansen&#8220; un in dej Remise. Hier in dej drai <div id=\"attachment_10492\" style=\"width: 210px\" class=\"wp-caption alignleft\"><a href=\"http:\/\/heimatverein.he-webpack.de\/wp-content\/uploads\/2022\/06\/Radtour-26.6-P\u00fcttend\u00fcbel.jpg\"><img loading=\"lazy\" decoding=\"async\" aria-describedby=\"caption-attachment-10492\" src=\"http:\/\/heimatverein.he-webpack.de\/wp-content\/uploads\/2022\/06\/Radtour-26.6-P\u00fcttend\u00fcbel-200x150.jpg\" alt=\"\" width=\"200\" height=\"150\" class=\"size-thumbnail wp-image-10492\" srcset=\"http:\/\/heimatverein.he-webpack.de\/wp-content\/uploads\/2022\/06\/Radtour-26.6-P\u00fcttend\u00fcbel-200x150.jpg 200w, http:\/\/heimatverein.he-webpack.de\/wp-content\/uploads\/2022\/06\/Radtour-26.6-P\u00fcttend\u00fcbel-300x227.jpg 300w, http:\/\/heimatverein.he-webpack.de\/wp-content\/uploads\/2022\/06\/Radtour-26.6-P\u00fcttend\u00fcbel-768x581.jpg 768w, http:\/\/heimatverein.he-webpack.de\/wp-content\/uploads\/2022\/06\/Radtour-26.6-P\u00fcttend\u00fcbel-1024x775.jpg 1024w, http:\/\/heimatverein.he-webpack.de\/wp-content\/uploads\/2022\/06\/Radtour-26.6-P\u00fcttend\u00fcbel-150x114.jpg 150w\" sizes=\"auto, (max-width: 200px) 100vw, 200px\" \/><\/a><p id=\"caption-attachment-10492\" class=\"wp-caption-text\">Waet ih wat \u00b4n P\u00fcttend\u00fcwel is, froeg Hans<\/p><\/div>H\u00fcse b\u00fcnnt masse Exponate utstellt un toau bekieken uparbeitet. Ludwig Wilken und Hans Schwarte hab s\u00fcck n poar Stunden Tied f\u00f6r us noamen. &#8222;Allerbesten Dank segge wi doarf\u00f6r&#8220;. Over Breddenbarg g\u00fcng dat dann w\u00e4r na Borger toau. Herm. Eilers un Bernd Gebkenjans hab dej Tour (40km) offsichert. Plant woarn is disse Foahrt bi den Bes\u00f6uk van Hans Schwarte un Hans Gr\u00f6nloh in M\u00e4rz 2022 in Borger. Bernd Gabkenjans haff dej Tour utarbeitet und v\u00f6rbereitet. <\/p>\n<p>Um oak hier noch mal &#8211; leiven Dank! <\/p>\n","protected":false},"excerpt":{"rendered":"<p><p id=\"caption-attachment-10471\" class=\"wp-caption-text\">Mit Rad up \u00b4n Patt (Fotos: UB)<\/p>\n<p>27.6.2022 UB &#8211; Gistern b\u00fcnnt wi per Pedes bi bestet Sommerw\u00e4r up Patt w\u00e4hn. Et g\u00fcng oaver Breddenbarg, oaver\u00b4n Heerwaech un M\u00f6hlenbarg na Esterwaegen hen Erika-See. Doar geff dat n\u00b4e l\u00fctke Rast. Oaver de Ohe g\u00fcng dat dann na Hilkenbrook, doar dat sch\u00f6ne H\u00fcmmlinger Land na Loorpe. [&#8230;]<\/p>\n","protected":false},"author":2,"featured_media":0,"comment_status":"closed","ping_status":"open","sticky":false,"template":"","format":"standard","meta":{"ngg_post_thumbnail":0,"footnotes":""},"categories":[3],"tags":[],"class_list":["post-10470","post","type-post","status-publish","format-standard","hentry","category-neuigkeiten","odd"],"_links":{"self":[{"href":"http:\/\/heimatverein.he-webpack.de\/index.php?rest_route=\/wp\/v2\/posts\/10470","targetHints":{"allow":["GET"]}}],"collection":[{"href":"http:\/\/heimatverein.he-webpack.de\/index.php?rest_route=\/wp\/v2\/posts"}],"about":[{"href":"http:\/\/heimatverein.he-webpack.de\/index.php?rest_route=\/wp\/v2\/types\/post"}],"author":[{"embeddable":true,"href":"http:\/\/heimatverein.he-webpack.de\/index.php?rest_route=\/wp\/v2\/users\/2"}],"replies":[{"embeddable":true,"href":"http:\/\/heimatverein.he-webpack.de\/index.php?rest_route=%2Fwp%2Fv2%2Fcomments&post=10470"}],"version-history":[{"count":23,"href":"http:\/\/heimatverein.he-webpack.de\/index.php?rest_route=\/wp\/v2\/posts\/10470\/revisions"}],"predecessor-version":[{"id":10473,"href":"http:\/\/heimatverein.he-webpack.de\/index.php?rest_route=\/wp\/v2\/posts\/10470\/revisions\/10473"}],"wp:attachment":[{"href":"http:\/\/heimatverein.he-webpack.de\/index.php?rest_route=%2Fwp%2Fv2%2Fmedia&parent=10470"}],"wp:term":[{"taxonomy":"category","embeddable":true,"href":"http:\/\/heimatverein.he-webpack.de\/index.php?rest_route=%2Fwp%2Fv2%2Fcategories&post=10470"},{"taxonomy":"post_tag","embeddable":true,"href":"http:\/\/heimatverein.he-webpack.de\/index.php?rest_route=%2Fwp%2Fv2%2Ftags&post=10470"}],"curies":[{"name":"wp","href":"https:\/\/api.w.org\/{rel}","templated":true}]}}