{"id":10452,"date":"2022-06-19T09:27:48","date_gmt":"2022-06-19T07:27:48","guid":{"rendered":"http:\/\/heimatverein.he-webpack.de\/?p=10452"},"modified":"2022-06-19T09:44:34","modified_gmt":"2022-06-19T07:44:34","slug":"boerger-sehenswuerdigkeiten","status":"publish","type":"post","link":"http:\/\/heimatverein.he-webpack.de\/?p=10452","title":{"rendered":"B\u00f6rger Sehensw\u00fcrdigkeiten"},"content":{"rendered":"<p><img loading=\"lazy\" decoding=\"async\" src=\"http:\/\/heimatverein.he-webpack.de\/wp-content\/uploads\/2022\/06\/52\u00b05506.70N-7\u00b02942.11O-05.2018-300x169.jpg\" alt=\"\" width=\"300\" height=\"169\" class=\"alignleft size-medium wp-image-10453\" srcset=\"http:\/\/heimatverein.he-webpack.de\/wp-content\/uploads\/2022\/06\/52\u00b05506.70N-7\u00b02942.11O-05.2018-300x169.jpg 300w, http:\/\/heimatverein.he-webpack.de\/wp-content\/uploads\/2022\/06\/52\u00b05506.70N-7\u00b02942.11O-05.2018-768x432.jpg 768w, http:\/\/heimatverein.he-webpack.de\/wp-content\/uploads\/2022\/06\/52\u00b05506.70N-7\u00b02942.11O-05.2018-1024x576.jpg 1024w, http:\/\/heimatverein.he-webpack.de\/wp-content\/uploads\/2022\/06\/52\u00b05506.70N-7\u00b02942.11O-05.2018-150x84.jpg 150w, http:\/\/heimatverein.he-webpack.de\/wp-content\/uploads\/2022\/06\/52\u00b05506.70N-7\u00b02942.11O-05.2018-400x225.jpg 400w\" sizes=\"auto, (max-width: 300px) 100vw, 300px\" \/>19.06.2022 UB &#8211; Am Freitagnachmittag traf sich der Heimatverein B\u00f6rger (Schmitz, Terhalle, Ubbenjans) mit einer Abordnung der Fremdenverkehrsbeh\u00f6rde des Landkreises Emslands. Angereist war der Leiter der Touristik Uwe Carli und der Beauftragte f\u00fcr den Naturpark H\u00fcmmling Tim Henze. Man traf sich in einem kleinen Kreis auf dem Heimathof in B\u00f6rger. Es ging um die Informationen \u00fcber die Sehensw\u00fcrdigkeiten im Ort und deren Bekanntmachung f\u00fcr die B\u00fcrger und G\u00e4ste. B\u00f6rger f\u00fchlte sich lange &#8222;stiefm\u00fctterlich&#8220; behandelt. \u00dcberreicht wurden von Tim Henze Brosch\u00fcren &#8222;Wanderf\u00fchrer H\u00fcmmling&#8220; und die &#8222;Rad- und Entdeckerkarte H\u00fcmmling&#8220; f\u00fcr die G\u00e4ste des Heimathofes. Hier ist B\u00f6rger gut in Szene gesetzt, was zahlreiche G\u00e4ste und ein Bericht in Anzeigenblatt der EZ beweist. Bei dem Gespr\u00e4ch wurden die jeweiligen Standpunkte dargestellt und man versprach eine bessere Koordination und Zusammenarbeit. Der Fremdenverkehr wird vielfach von den Gemeinden organisiert, ist aber vorrangig durch Beauftragte in den SG u. St\u00e4dte gesteuert. So versprach man Hilfen bei der verschiedensten Aufgaben (Wacholderhain, Heimathof, Wege und Triften, Gastgewerbe etc.). Der Beauftragte der SG Christian L\u00f6gering sollte hier auch involviert werden. Hier m\u00fcssen weitere Gespr\u00e4che und Taten folgen.<\/p>\n","protected":false},"excerpt":{"rendered":"<p>19.06.2022 UB &#8211; Am Freitagnachmittag traf sich der Heimatverein B\u00f6rger (Schmitz, Terhalle, Ubbenjans) mit einer Abordnung der Fremdenverkehrsbeh\u00f6rde des Landkreises Emslands. Angereist war der Leiter der Touristik Uwe Carli und der Beauftragte f\u00fcr den Naturpark H\u00fcmmling Tim Henze. Man traf sich in einem kleinen Kreis auf dem Heimathof in B\u00f6rger. Es ging um die Informationen [&#8230;]<\/p>\n","protected":false},"author":2,"featured_media":0,"comment_status":"closed","ping_status":"open","sticky":false,"template":"","format":"standard","meta":{"ngg_post_thumbnail":0,"footnotes":""},"categories":[3],"tags":[],"class_list":["post-10452","post","type-post","status-publish","format-standard","hentry","category-neuigkeiten","odd"],"_links":{"self":[{"href":"http:\/\/heimatverein.he-webpack.de\/index.php?rest_route=\/wp\/v2\/posts\/10452","targetHints":{"allow":["GET"]}}],"collection":[{"href":"http:\/\/heimatverein.he-webpack.de\/index.php?rest_route=\/wp\/v2\/posts"}],"about":[{"href":"http:\/\/heimatverein.he-webpack.de\/index.php?rest_route=\/wp\/v2\/types\/post"}],"author":[{"embeddable":true,"href":"http:\/\/heimatverein.he-webpack.de\/index.php?rest_route=\/wp\/v2\/users\/2"}],"replies":[{"embeddable":true,"href":"http:\/\/heimatverein.he-webpack.de\/index.php?rest_route=%2Fwp%2Fv2%2Fcomments&post=10452"}],"version-history":[{"count":6,"href":"http:\/\/heimatverein.he-webpack.de\/index.php?rest_route=\/wp\/v2\/posts\/10452\/revisions"}],"predecessor-version":[{"id":10455,"href":"http:\/\/heimatverein.he-webpack.de\/index.php?rest_route=\/wp\/v2\/posts\/10452\/revisions\/10455"}],"wp:attachment":[{"href":"http:\/\/heimatverein.he-webpack.de\/index.php?rest_route=%2Fwp%2Fv2%2Fmedia&parent=10452"}],"wp:term":[{"taxonomy":"category","embeddable":true,"href":"http:\/\/heimatverein.he-webpack.de\/index.php?rest_route=%2Fwp%2Fv2%2Fcategories&post=10452"},{"taxonomy":"post_tag","embeddable":true,"href":"http:\/\/heimatverein.he-webpack.de\/index.php?rest_route=%2Fwp%2Fv2%2Ftags&post=10452"}],"curies":[{"name":"wp","href":"https:\/\/api.w.org\/{rel}","templated":true}]}}