{"id":10398,"date":"2022-05-10T13:15:59","date_gmt":"2022-05-10T11:15:59","guid":{"rendered":"http:\/\/heimatverein.he-webpack.de\/?p=10398"},"modified":"2022-05-10T13:23:34","modified_gmt":"2022-05-10T11:23:34","slug":"ausserschulischer-lernort-zehntscheune-ferienpassaktion","status":"publish","type":"post","link":"http:\/\/heimatverein.he-webpack.de\/?p=10398","title":{"rendered":"Au\u00dferschulischer Lernort Zehntscheune &#8211; Ferienpa\u00dfaktion"},"content":{"rendered":"<p><div id=\"attachment_2170\" style=\"width: 160px\" class=\"wp-caption alignleft\"><a href=\"http:\/\/heimatverein.he-webpack.de\/wp-content\/uploads\/2011\/07\/H\u00fcnenstein-Grp-900.jpg\"><img loading=\"lazy\" decoding=\"async\" aria-describedby=\"caption-attachment-2170\" src=\"http:\/\/heimatverein.he-webpack.de\/wp-content\/uploads\/2011\/07\/H\u00fcnenstein-Grp-900-150x150.jpg\" alt=\"\" width=\"150\" height=\"150\" class=\"size-thumbnail wp-image-2170\" \/><\/a><p id=\"caption-attachment-2170\" class=\"wp-caption-text\">Ferienpa\u00dfaktion 2011<\/p><\/div>10.05.2022 UB &#8211; Im Rahmen der Ferienspa\u00dfaktion organisiert der Heimatverein jetzt wieder in den Sommerferien 2022 ein <strong>&#8222;Nistk\u00e4sten bauen&#8220;<\/strong> f\u00fcr die Kinder. Diese Aktion wird an 2 Terminen mit jeweils 20 Kindern gemacht. Eltern d\u00fcrfen selbstverst\u00e4ndlich teilnehmen.<\/p>\n<p>Bei einer Zusammenkunft von Lehrkr\u00e4ften der Grundschule B\u00f6rger gestern mit einer Abordnung des Heimatvereins, wurde wieder eine Zusammenarbeit verabredet. Verschiedenste Themen wurden angesprochen. In diesem Jahr soll es mit einer Vorstellung der musealen Gegenst\u00e4nde in <strong>&#8222;Plattd\u00fctsk&#8220;<\/strong> gehen. Dej Kinner s\u00f6llt doar dat Platt h\u00f6ren un oak verstaan. Dat s\u00f6ll dann de erste Baustain v\u00f6r dat Plattproaten w\u00e4hn. Hier m\u00f6ssen oak wall dej \u00d6llern und Grot\u00f6llern mit helpen.<\/p>\n<p>Wer noch Ideen und Themen f\u00fcr eine gemeinsamen Arbeit des Heimatverein mit der Grundschule und der FSH hat, oder mitarbeiten m\u00f6chte, sollte sich bitte beim Vorstand des Heimatverein melden.<\/p>\n","protected":false},"excerpt":{"rendered":"<p><p id=\"caption-attachment-2170\" class=\"wp-caption-text\">Ferienpa\u00dfaktion 2011<\/p>\n<p>10.05.2022 UB &#8211; Im Rahmen der Ferienspa\u00dfaktion organisiert der Heimatverein jetzt wieder in den Sommerferien 2022 ein &#8222;Nistk\u00e4sten bauen&#8220; f\u00fcr die Kinder. Diese Aktion wird an 2 Terminen mit jeweils 20 Kindern gemacht. Eltern d\u00fcrfen selbstverst\u00e4ndlich teilnehmen.<\/p>\n<p>Bei einer Zusammenkunft von Lehrkr\u00e4ften der Grundschule B\u00f6rger gestern mit einer Abordnung des Heimatvereins, wurde [&#8230;]<\/p>\n","protected":false},"author":2,"featured_media":0,"comment_status":"closed","ping_status":"open","sticky":false,"template":"","format":"standard","meta":{"ngg_post_thumbnail":0,"footnotes":""},"categories":[3],"tags":[],"class_list":["post-10398","post","type-post","status-publish","format-standard","hentry","category-neuigkeiten","odd"],"_links":{"self":[{"href":"http:\/\/heimatverein.he-webpack.de\/index.php?rest_route=\/wp\/v2\/posts\/10398","targetHints":{"allow":["GET"]}}],"collection":[{"href":"http:\/\/heimatverein.he-webpack.de\/index.php?rest_route=\/wp\/v2\/posts"}],"about":[{"href":"http:\/\/heimatverein.he-webpack.de\/index.php?rest_route=\/wp\/v2\/types\/post"}],"author":[{"embeddable":true,"href":"http:\/\/heimatverein.he-webpack.de\/index.php?rest_route=\/wp\/v2\/users\/2"}],"replies":[{"embeddable":true,"href":"http:\/\/heimatverein.he-webpack.de\/index.php?rest_route=%2Fwp%2Fv2%2Fcomments&post=10398"}],"version-history":[{"count":7,"href":"http:\/\/heimatverein.he-webpack.de\/index.php?rest_route=\/wp\/v2\/posts\/10398\/revisions"}],"predecessor-version":[{"id":10400,"href":"http:\/\/heimatverein.he-webpack.de\/index.php?rest_route=\/wp\/v2\/posts\/10398\/revisions\/10400"}],"wp:attachment":[{"href":"http:\/\/heimatverein.he-webpack.de\/index.php?rest_route=%2Fwp%2Fv2%2Fmedia&parent=10398"}],"wp:term":[{"taxonomy":"category","embeddable":true,"href":"http:\/\/heimatverein.he-webpack.de\/index.php?rest_route=%2Fwp%2Fv2%2Fcategories&post=10398"},{"taxonomy":"post_tag","embeddable":true,"href":"http:\/\/heimatverein.he-webpack.de\/index.php?rest_route=%2Fwp%2Fv2%2Ftags&post=10398"}],"curies":[{"name":"wp","href":"https:\/\/api.w.org\/{rel}","templated":true}]}}