{"id":10373,"date":"2022-05-04T08:31:16","date_gmt":"2022-05-04T06:31:16","guid":{"rendered":"http:\/\/heimatverein.he-webpack.de\/?p=10373"},"modified":"2022-05-04T09:35:31","modified_gmt":"2022-05-04T07:35:31","slug":"schoenheiten-in-der-natur","status":"publish","type":"post","link":"http:\/\/heimatverein.he-webpack.de\/?p=10373","title":{"rendered":"Sch\u00f6nheiten in der Natur"},"content":{"rendered":"<p><div id=\"attachment_10375\" style=\"width: 210px\" class=\"wp-caption alignright\"><a href=\"http:\/\/heimatverein.he-webpack.de\/wp-content\/uploads\/2022\/05\/Koautroe-Kr\u00fcss-700.jpg\"><img loading=\"lazy\" decoding=\"async\" aria-describedby=\"caption-attachment-10375\" src=\"http:\/\/heimatverein.he-webpack.de\/wp-content\/uploads\/2022\/05\/Koautroe-Kr\u00fcss-700-200x150.jpg\" alt=\"\" width=\"200\" height=\"150\" class=\"size-thumbnail wp-image-10375\" \/><\/a><p id=\"caption-attachment-10375\" class=\"wp-caption-text\">Entdeckung in der B\u00f6rger Natur<\/p><\/div>04.05.2022 UB &#8211; Nach den langen Monaten der Abstinenz durch die Corona-Pandemie in Gruppen zusammen zu kommen, waren in B\u00f6rger die Maifeiern wieder voll im Trent. Man sah und h\u00f6rte viele Gruppen feiern. In der Luft lag der Geruch von Grillfleisch und Lagerfeuerromantik. <\/p>\n<p>Bei den Spazierg\u00e4ngen in der Natur (der Fr\u00fchling hatte fr\u00fch Einzug gehalten), waren viele Gruppen bei bestem Fr\u00fchlingswetter aktiv, um einen Maibaum zu holen oder nur in der Natur zu entspannen. Auch an der Koautroae waren Gruppen unterwegs. Unsere Gruppe entdeckte dort ein Kleinod, das wir eine kurze Zeit zur Rast in Besitz nahmen. Wir nahmen dort unter einem Baum mit einem Krutzifix Platz. Ein sch\u00f6ner Ort zum Innehalten.<\/p>\n<p><strong>Der Mai ist gekommen&#8230;<\/strong><br \/>\nEin Gedicht von Emanuel Geibel<\/p>\n<p>Der Mai ist gekommen, die B\u00e4ume schlagen aus, da bleibe, wer Lust hat, mit Sorgen zu Haus;<br \/>\nWie die Wolken dort wandern am himmlischen Zelt, so steht auch mir der Sinn in die weite, weite Welt.<br \/>\nHerr Vater, Frau Mutter, dass Gott euch beh\u00fct! Wer wei\u00df, wo in der Ferne mein Gl\u00fcck mir noch bl\u00fcht!<br \/>\nEs gibt so manche Stra\u00dfe, da nimmer ich marschiert, es gibt so manchen Wein, den ich nimmer noch probiert.<br \/>\nFrisch auf drum, frisch auf im hellen Sonnenstrahl wohl \u00fcber die Berge, wohl durch das tiefe Tal!<br \/>\nDie Quellen erklingen, die B\u00e4ume rauschen all, mein Herz ist wie&#8217;ne Lerche und stimmet ein mit Schall.<br \/>\nUnd abends im St\u00e4dtlein da kehr&#8216; ich durstig ein: &#8222;Herr Wirt, Herr Wirt, eine Kanne blanken Wein!<br \/>\nErgreife die Fiedel, du lust&#8217;ger Spielmann du, von meinem Schatz das Liedel sing&#8216; ich dazu.&#8220;<br \/>\nUnd find&#8216; ich keine Herberg&#8216;, so lieg&#8216; ich zu Nacht wohl unter blauem Himmel, die Sterne halten Wacht:<br \/>\nIm Winde die Linde, die rauscht mich ein; gemach, es k\u00fcsset in der fr\u00fch&#8216; das Morgenrot mich wach.<br \/>\nO Wandern, o Wandern, du freie Burschenlust! Da wehet Gottes Odem so frisch in die Brust;<br \/>\nDa singet und jauchzet das Herz zum Himmelszelt: Wie bist du doch so sch\u00f6n, o du weite, weite Welt!<\/p>\n","protected":false},"excerpt":{"rendered":"<p><p id=\"caption-attachment-10375\" class=\"wp-caption-text\">Entdeckung in der B\u00f6rger Natur<\/p>\n<p>04.05.2022 UB &#8211; Nach den langen Monaten der Abstinenz durch die Corona-Pandemie in Gruppen zusammen zu kommen, waren in B\u00f6rger die Maifeiern wieder voll im Trent. Man sah und h\u00f6rte viele Gruppen feiern. In der Luft lag der Geruch von Grillfleisch und Lagerfeuerromantik. <\/p>\n<p>Bei den Spazierg\u00e4ngen in der [&#8230;]<\/p>\n","protected":false},"author":2,"featured_media":0,"comment_status":"closed","ping_status":"open","sticky":false,"template":"","format":"standard","meta":{"ngg_post_thumbnail":0,"footnotes":""},"categories":[3],"tags":[],"class_list":["post-10373","post","type-post","status-publish","format-standard","hentry","category-neuigkeiten","odd"],"_links":{"self":[{"href":"http:\/\/heimatverein.he-webpack.de\/index.php?rest_route=\/wp\/v2\/posts\/10373","targetHints":{"allow":["GET"]}}],"collection":[{"href":"http:\/\/heimatverein.he-webpack.de\/index.php?rest_route=\/wp\/v2\/posts"}],"about":[{"href":"http:\/\/heimatverein.he-webpack.de\/index.php?rest_route=\/wp\/v2\/types\/post"}],"author":[{"embeddable":true,"href":"http:\/\/heimatverein.he-webpack.de\/index.php?rest_route=\/wp\/v2\/users\/2"}],"replies":[{"embeddable":true,"href":"http:\/\/heimatverein.he-webpack.de\/index.php?rest_route=%2Fwp%2Fv2%2Fcomments&post=10373"}],"version-history":[{"count":22,"href":"http:\/\/heimatverein.he-webpack.de\/index.php?rest_route=\/wp\/v2\/posts\/10373\/revisions"}],"predecessor-version":[{"id":10377,"href":"http:\/\/heimatverein.he-webpack.de\/index.php?rest_route=\/wp\/v2\/posts\/10373\/revisions\/10377"}],"wp:attachment":[{"href":"http:\/\/heimatverein.he-webpack.de\/index.php?rest_route=%2Fwp%2Fv2%2Fmedia&parent=10373"}],"wp:term":[{"taxonomy":"category","embeddable":true,"href":"http:\/\/heimatverein.he-webpack.de\/index.php?rest_route=%2Fwp%2Fv2%2Fcategories&post=10373"},{"taxonomy":"post_tag","embeddable":true,"href":"http:\/\/heimatverein.he-webpack.de\/index.php?rest_route=%2Fwp%2Fv2%2Ftags&post=10373"}],"curies":[{"name":"wp","href":"https:\/\/api.w.org\/{rel}","templated":true}]}}