{"id":10326,"date":"2022-04-10T21:06:17","date_gmt":"2022-04-10T19:06:17","guid":{"rendered":"http:\/\/heimatverein.he-webpack.de\/?p=10326"},"modified":"2022-04-11T09:30:22","modified_gmt":"2022-04-11T07:30:22","slug":"plattproater-cafe-im-heimathaus-boerger","status":"publish","type":"post","link":"http:\/\/heimatverein.he-webpack.de\/?p=10326","title":{"rendered":"Plattproater-Kaffee im Heimathaus"},"content":{"rendered":"<p><div id=\"attachment_10344\" style=\"width: 210px\" class=\"wp-caption alignleft\"><a href=\"http:\/\/heimatverein.he-webpack.de\/wp-content\/uploads\/2022\/04\/Heimathaus-Hinweisschild-2.jpg\" rel=\"lightbox[10326]\"><img loading=\"lazy\" decoding=\"async\" aria-describedby=\"caption-attachment-10344\" src=\"http:\/\/heimatverein.he-webpack.de\/wp-content\/uploads\/2022\/04\/Heimathaus-Hinweisschild-2-200x150.jpg\" alt=\"\" width=\"200\" height=\"150\" class=\"size-thumbnail wp-image-10344\" \/><\/a><p id=\"caption-attachment-10344\" class=\"wp-caption-text\">Wegweiser zum Heimathof, an der Kirchstra\u00dfe<\/p><\/div><a href=\"http:\/\/heimatverein.he-webpack.de\/wp-content\/uploads\/2022\/04\/PlattproaterCafe801.jpg\" rel=\"lightbox[10326]\"><img loading=\"lazy\" decoding=\"async\" src=\"http:\/\/heimatverein.he-webpack.de\/wp-content\/uploads\/2022\/04\/PlattproaterCafe801-200x150.jpg\" alt=\"\" width=\"200\" height=\"150\" class=\"alignright size-thumbnail wp-image-10330\" \/><\/a>10.04.2022 UB &#8211; Das Plattproater-Kaffee \u00f6ffnete heute wieder seine Pforten. Monika Langen und Andrea L\u00fcken haben mit ihrem Team ihre erste Veranstaltung absolviert. Es war gut besucht. Das &#8222;Cafe&#8220; \u00f6ffnet nun <strong>immer am 2. Sonntag im Monat<\/strong> von 14.30 Uhr bis 17.30 Uhr. Der Vorstand des Heimatverein B\u00f6rger freut sich, das dieses Event weitergef\u00fchrt wird und dankt den Geschwistern Hagen und Team f\u00fcr die \u00dcbernahme dieser Aufgabe. Es ist eine Bereicherung f\u00fcr unseren Ort. Fotos: TG u. LUB<\/p>\n<p>&#8211; Nu koen wi w\u00e4r bi feinsten Koauken un Kaffe mitnanner kl\u00f6\u00f6n und us watt vertellen &#8211;<\/p>\n","protected":false},"excerpt":{"rendered":"<p><p id=\"caption-attachment-10344\" class=\"wp-caption-text\">Wegweiser zum Heimathof, an der Kirchstra\u00dfe<\/p>\n<p>10.04.2022 UB &#8211; Das Plattproater-Kaffee \u00f6ffnete heute wieder seine Pforten. Monika Langen und Andrea L\u00fcken haben mit ihrem Team ihre erste Veranstaltung absolviert. Es war gut besucht. Das &#8222;Cafe&#8220; \u00f6ffnet nun immer am 2. Sonntag im Monat von 14.30 Uhr bis 17.30 Uhr. Der Vorstand des Heimatverein B\u00f6rger [&#8230;]<\/p>\n","protected":false},"author":2,"featured_media":0,"comment_status":"closed","ping_status":"open","sticky":false,"template":"","format":"standard","meta":{"ngg_post_thumbnail":0,"footnotes":""},"categories":[3],"tags":[],"class_list":["post-10326","post","type-post","status-publish","format-standard","hentry","category-neuigkeiten","odd"],"_links":{"self":[{"href":"http:\/\/heimatverein.he-webpack.de\/index.php?rest_route=\/wp\/v2\/posts\/10326","targetHints":{"allow":["GET"]}}],"collection":[{"href":"http:\/\/heimatverein.he-webpack.de\/index.php?rest_route=\/wp\/v2\/posts"}],"about":[{"href":"http:\/\/heimatverein.he-webpack.de\/index.php?rest_route=\/wp\/v2\/types\/post"}],"author":[{"embeddable":true,"href":"http:\/\/heimatverein.he-webpack.de\/index.php?rest_route=\/wp\/v2\/users\/2"}],"replies":[{"embeddable":true,"href":"http:\/\/heimatverein.he-webpack.de\/index.php?rest_route=%2Fwp%2Fv2%2Fcomments&post=10326"}],"version-history":[{"count":18,"href":"http:\/\/heimatverein.he-webpack.de\/index.php?rest_route=\/wp\/v2\/posts\/10326\/revisions"}],"predecessor-version":[{"id":10329,"href":"http:\/\/heimatverein.he-webpack.de\/index.php?rest_route=\/wp\/v2\/posts\/10326\/revisions\/10329"}],"wp:attachment":[{"href":"http:\/\/heimatverein.he-webpack.de\/index.php?rest_route=%2Fwp%2Fv2%2Fmedia&parent=10326"}],"wp:term":[{"taxonomy":"category","embeddable":true,"href":"http:\/\/heimatverein.he-webpack.de\/index.php?rest_route=%2Fwp%2Fv2%2Fcategories&post=10326"},{"taxonomy":"post_tag","embeddable":true,"href":"http:\/\/heimatverein.he-webpack.de\/index.php?rest_route=%2Fwp%2Fv2%2Ftags&post=10326"}],"curies":[{"name":"wp","href":"https:\/\/api.w.org\/{rel}","templated":true}]}}