{"id":10305,"date":"2022-04-09T08:04:19","date_gmt":"2022-04-09T06:04:19","guid":{"rendered":"http:\/\/heimatverein.he-webpack.de\/?p=10305"},"modified":"2022-04-09T08:38:09","modified_gmt":"2022-04-09T06:38:09","slug":"hermann-tag-2022","status":"publish","type":"post","link":"http:\/\/heimatverein.he-webpack.de\/?p=10305","title":{"rendered":"Hermannstag 2022"},"content":{"rendered":"<p><img loading=\"lazy\" decoding=\"async\" src=\"http:\/\/heimatverein.he-webpack.de\/wp-content\/uploads\/2022\/04\/Hermannsta900-200x150.jpg\" alt=\"\" width=\"300\" height=\"200\" class=\"alignleft size-thumbnail wp-image-10307\" \/>08.04.2022 UB &#8211; Seit Jahren treffen sich die in B\u00f6rger wohnenden M\u00e4nner namens Hermann am 07. April zu einem ungezwungenen Umtrunk oder\/und kleinen Ausfl\u00fcgen zum Namenstag. In 2018 war man sogar mit 19 Personen zum Arminius- oder Hermannsdenkmal in den Teutoburgerwald. Die Covid19-Pandemie brachte im letzten Jahr eine Pause. Nun haben Herm. Westendorf und Herm. Ubbenjans jun. diese Tradition wieder aufgenommen und ein Treffen organisiert. Dieses Mal war man mit ein Dutzend Leuten in der gem\u00fctlichen Pinte bei Willm Schuten, Hinterm M\u00fchlenberg. Einige Mitglieder waren unabk\u00f6mmlich, andere noch in Quarant\u00e4ne oder auf dem Weg der Besserung. Noch andere nutzen diese Nachpandemiezeit f\u00fcr erste Ausfl\u00fcge und Urlaube.<\/p>\n<p>Wir wollen diese Treffen (immer am 07. April eines Jahres) nicht aufgeben und werden im n\u00e4chsten Jahr im Heimathaus feiern k\u00f6nnen. F\u00fcr das Wohl ist dort gesorgt. Der HV stellte diese R\u00e4umlichkeiten f\u00fcr 2023 zur Verf\u00fcgung. Wir hoffen, das dann wieder mehr Personen namens Hermann, der \u00fcber 100 Personen z\u00e4hlenden M\u00e4nnergruppe in B\u00f6rger, dabei sein wird.<\/p>\n","protected":false},"excerpt":{"rendered":"<p>08.04.2022 UB &#8211; Seit Jahren treffen sich die in B\u00f6rger wohnenden M\u00e4nner namens Hermann am 07. April zu einem ungezwungenen Umtrunk oder\/und kleinen Ausfl\u00fcgen zum Namenstag. In 2018 war man sogar mit 19 Personen zum Arminius- oder Hermannsdenkmal in den Teutoburgerwald. Die Covid19-Pandemie brachte im letzten Jahr eine Pause. Nun haben Herm. Westendorf und Herm. [&#8230;]<\/p>\n","protected":false},"author":2,"featured_media":0,"comment_status":"closed","ping_status":"open","sticky":false,"template":"","format":"standard","meta":{"ngg_post_thumbnail":0,"footnotes":""},"categories":[3],"tags":[],"class_list":["post-10305","post","type-post","status-publish","format-standard","hentry","category-neuigkeiten","odd"],"_links":{"self":[{"href":"http:\/\/heimatverein.he-webpack.de\/index.php?rest_route=\/wp\/v2\/posts\/10305","targetHints":{"allow":["GET"]}}],"collection":[{"href":"http:\/\/heimatverein.he-webpack.de\/index.php?rest_route=\/wp\/v2\/posts"}],"about":[{"href":"http:\/\/heimatverein.he-webpack.de\/index.php?rest_route=\/wp\/v2\/types\/post"}],"author":[{"embeddable":true,"href":"http:\/\/heimatverein.he-webpack.de\/index.php?rest_route=\/wp\/v2\/users\/2"}],"replies":[{"embeddable":true,"href":"http:\/\/heimatverein.he-webpack.de\/index.php?rest_route=%2Fwp%2Fv2%2Fcomments&post=10305"}],"version-history":[{"count":19,"href":"http:\/\/heimatverein.he-webpack.de\/index.php?rest_route=\/wp\/v2\/posts\/10305\/revisions"}],"predecessor-version":[{"id":10309,"href":"http:\/\/heimatverein.he-webpack.de\/index.php?rest_route=\/wp\/v2\/posts\/10305\/revisions\/10309"}],"wp:attachment":[{"href":"http:\/\/heimatverein.he-webpack.de\/index.php?rest_route=%2Fwp%2Fv2%2Fmedia&parent=10305"}],"wp:term":[{"taxonomy":"category","embeddable":true,"href":"http:\/\/heimatverein.he-webpack.de\/index.php?rest_route=%2Fwp%2Fv2%2Fcategories&post=10305"},{"taxonomy":"post_tag","embeddable":true,"href":"http:\/\/heimatverein.he-webpack.de\/index.php?rest_route=%2Fwp%2Fv2%2Ftags&post=10305"}],"curies":[{"name":"wp","href":"https:\/\/api.w.org\/{rel}","templated":true}]}}