{"id":10247,"date":"2022-03-26T10:46:09","date_gmt":"2022-03-26T09:46:09","guid":{"rendered":"http:\/\/heimatverein.he-webpack.de\/?p=10247"},"modified":"2022-04-04T03:39:15","modified_gmt":"2022-04-04T01:39:15","slug":"staerkung-der-singvogelwelt-kamf-dem-eichenprozessionsspinner","status":"publish","type":"post","link":"http:\/\/heimatverein.he-webpack.de\/?p=10247","title":{"rendered":"St\u00e4rkung der Singvogelwelt, Kampf dem Eichenprozessionsspinner"},"content":{"rendered":"<p><div id=\"attachment_10294\" style=\"width: 210px\" class=\"wp-caption alignright\"><a href=\"http:\/\/heimatverein.he-webpack.de\/wp-content\/uploads\/2022\/03\/K\u00e4sten-f\u00fcr-Meisen1000.jpg\"><img loading=\"lazy\" decoding=\"async\" aria-describedby=\"caption-attachment-10294\" src=\"http:\/\/heimatverein.he-webpack.de\/wp-content\/uploads\/2022\/03\/K\u00e4sten-f\u00fcr-Meisen1000-200x150.jpg\" alt=\"\" width=\"200\" height=\"150\" class=\"size-thumbnail wp-image-10294\" \/><\/a><p id=\"caption-attachment-10294\" class=\"wp-caption-text\">aktiver Naturschutz durch den Imker- und Heimatverein<\/p><\/div>26.03.2022 UB &#8211; Seit langen Jahren haben wir zusammen mit Kindern in der Sommerzeit im Rahmen der Ferien(s)pa\u00dfaktion Nistk\u00e4sten f\u00fcr Singv\u00f6gel gebaut. Diese Aktionen waren sehr beliebt und die Events waren immer ausgebucht. Kinder vom ganzen H\u00fcmmling waren in den Sommern beim Heimatverein B\u00f6rger zu Gast. Jetzt in der Corona-Zeit haben wir dieses aber nicht anbieten k\u00f6nnen. Und so war es uns ein Anliegen, gerade weil ein Plagegeist (eine kleine Raupe) die Natur \u00fcberbev\u00f6lkert und die nat\u00fcrlichen Feinde wohl durch Pestizide und Schadstoffe in der Natur dezimiert sind, gegenzusteuern. Der Schutz der Natur und der Lebensverh\u00e4ltnisse von Tier, Natur und Menschen, ist auch Aufgabe des Heimatvereines laut Satzung (\u00a72 Abs.3 Das nat\u00fcrliche Landschaftsbild, die Pflanzen- und Tierwelt zu hegen, Naturdenkmale zu pflegen).<\/p>\n<p><div id=\"attachment_10275\" style=\"width: 210px\" class=\"wp-caption alignleft\"><a href=\"http:\/\/heimatverein.he-webpack.de\/wp-content\/uploads\/2022\/03\/SchomakersVogelk900.jpg\" rel=\"lightbox[10247]\"><img loading=\"lazy\" decoding=\"async\" aria-describedby=\"caption-attachment-10275\" src=\"http:\/\/heimatverein.he-webpack.de\/wp-content\/uploads\/2022\/03\/SchomakersVogelk900-200x150.jpg\" alt=\"\" width=\"200\" height=\"150\" class=\"size-thumbnail wp-image-10275\" \/><\/a><p id=\"caption-attachment-10275\" class=\"wp-caption-text\">Werner in Aktion &#8211; die K\u00e4sten m\u00fcssen an die B\u00e4ume<\/p><\/div>Hermann und Rudi Schmitz, Vorsitzende des Heimatverein bzw. des Imkervereines regten in 2021 an, Nistk\u00e4sten f\u00fcr Meisen zu fertigen. Diesen Gedanken nahmen die Mitglieder der Vereine auf und man baute ca. 70 Nistk\u00e4sten. Henry van Kamp und Stefan Sievers vom Heimatverein besorgte die n\u00f6tigen Materialien und so gingen Mitglieder beider Vereine ans Werk. Bis zum Fr\u00fchlingsanfang und Beginn der Brutperiode der V\u00f6gel sind die K\u00e4sten in den B\u00f6rger Brinken, Ausfallstra\u00dfen und an den Stellen, wo in den letzten Jahren der Eichenprozessionsspinner zur Plage wurde, angebracht worden. <\/p>\n<p>Dabei wurde darauf geachtet, dass die Nisthilfen f\u00fcr die V\u00f6gel attraktiv angebracht werden. Sie d\u00fcrfen nicht direkt der Sonne ausgesetzt werden, sondern im Schatten und m\u00f6glichst in s\u00fcd\u00f6stlicher, \u00f6stlicher Ausrichtung. Man hat darauf geachtet das Naturholz ohne Schadstoffe verwandt werden, damit diese \u00fcber Jahrzehnte ihren Dienst tun, wenn man darauf in den Fr\u00fchjahren achtet.<\/p>\n","protected":false},"excerpt":{"rendered":"<p><p id=\"caption-attachment-10294\" class=\"wp-caption-text\">aktiver Naturschutz durch den Imker- und Heimatverein<\/p>\n<p>26.03.2022 UB &#8211; Seit langen Jahren haben wir zusammen mit Kindern in der Sommerzeit im Rahmen der Ferien(s)pa\u00dfaktion Nistk\u00e4sten f\u00fcr Singv\u00f6gel gebaut. Diese Aktionen waren sehr beliebt und die Events waren immer ausgebucht. Kinder vom ganzen H\u00fcmmling waren in den Sommern beim Heimatverein B\u00f6rger zu Gast. Jetzt [&#8230;]<\/p>\n","protected":false},"author":2,"featured_media":0,"comment_status":"closed","ping_status":"open","sticky":false,"template":"","format":"standard","meta":{"ngg_post_thumbnail":0,"footnotes":""},"categories":[3],"tags":[],"class_list":["post-10247","post","type-post","status-publish","format-standard","hentry","category-neuigkeiten","odd"],"_links":{"self":[{"href":"http:\/\/heimatverein.he-webpack.de\/index.php?rest_route=\/wp\/v2\/posts\/10247","targetHints":{"allow":["GET"]}}],"collection":[{"href":"http:\/\/heimatverein.he-webpack.de\/index.php?rest_route=\/wp\/v2\/posts"}],"about":[{"href":"http:\/\/heimatverein.he-webpack.de\/index.php?rest_route=\/wp\/v2\/types\/post"}],"author":[{"embeddable":true,"href":"http:\/\/heimatverein.he-webpack.de\/index.php?rest_route=\/wp\/v2\/users\/2"}],"replies":[{"embeddable":true,"href":"http:\/\/heimatverein.he-webpack.de\/index.php?rest_route=%2Fwp%2Fv2%2Fcomments&post=10247"}],"version-history":[{"count":17,"href":"http:\/\/heimatverein.he-webpack.de\/index.php?rest_route=\/wp\/v2\/posts\/10247\/revisions"}],"predecessor-version":[{"id":10250,"href":"http:\/\/heimatverein.he-webpack.de\/index.php?rest_route=\/wp\/v2\/posts\/10247\/revisions\/10250"}],"wp:attachment":[{"href":"http:\/\/heimatverein.he-webpack.de\/index.php?rest_route=%2Fwp%2Fv2%2Fmedia&parent=10247"}],"wp:term":[{"taxonomy":"category","embeddable":true,"href":"http:\/\/heimatverein.he-webpack.de\/index.php?rest_route=%2Fwp%2Fv2%2Fcategories&post=10247"},{"taxonomy":"post_tag","embeddable":true,"href":"http:\/\/heimatverein.he-webpack.de\/index.php?rest_route=%2Fwp%2Fv2%2Ftags&post=10247"}],"curies":[{"name":"wp","href":"https:\/\/api.w.org\/{rel}","templated":true}]}}