{"id":10212,"date":"2022-03-21T08:17:22","date_gmt":"2022-03-21T07:17:22","guid":{"rendered":"http:\/\/heimatverein.he-webpack.de\/?p=10212"},"modified":"2022-03-22T08:39:22","modified_gmt":"2022-03-22T07:39:22","slug":"blumenpracht-und-ruheoasen-in-boerger","status":"publish","type":"post","link":"http:\/\/heimatverein.he-webpack.de\/?p=10212","title":{"rendered":"Blumenpracht und Ruheoasen in B\u00f6rger"},"content":{"rendered":"<p><div id=\"attachment_10213\" style=\"width: 210px\" class=\"wp-caption alignleft\"><a href=\"http:\/\/heimatverein.he-webpack.de\/wp-content\/uploads\/2022\/03\/Fr\u00fchlingsboten-1000.jpg\"><img loading=\"lazy\" decoding=\"async\" aria-describedby=\"caption-attachment-10213\" src=\"http:\/\/heimatverein.he-webpack.de\/wp-content\/uploads\/2022\/03\/Fr\u00fchlingsboten-1000-200x150.jpg\" alt=\"\" width=\"200\" height=\"150\" class=\"size-thumbnail wp-image-10213\" \/><\/a><p id=\"caption-attachment-10213\" class=\"wp-caption-text\">Narzissen (Tete a Tete) an der Weidenkirche zu Fr\u00fchlingsanfang 2022<\/p><\/div>20.03.2022 UB &#8211; In unserer Jahresschrift 2021 haben wir zwei Artikel \u00fcber Aktivit\u00e4ten in unserer Gemeinde ver\u00f6ffentlicht, die auf klasse Aktivit\u00e4ten hinweisen. Diese sind unter folgenden Link noch einmal ersichtlich. In den letzten Wochen zeigt sich das Umfeld der Weidenkirche an der Stra\u00dfe &#8222;Zum M\u00fchlenhof&#8220; mit prachtvollem Blumenschmuck. Auch die Zuwegung ist mit Fr\u00fchlingsboten best\u00fcckt, die im n\u00e4chsten Jahr aufbl\u00fchen werden, erahnen kann man es jetzt schon. Wieder eine sch\u00f6ne Aktion. Herzlichen Dank der Arbeitsgruppe Weidenkirche.<\/p>\n<p><a href=\"http:\/\/heimatverein.he-webpack.de\/wp-content\/uploads\/2022\/03\/Blumen-Patenschaften.pdf\">Blumen Patenschaften<\/a><\/p>\n<p><a href=\"http:\/\/heimatverein.he-webpack.de\/wp-content\/uploads\/2022\/03\/Rastpl\u00e4tze-f\u00fcr-G\u00e4ste.pdf\">Rastpl\u00e4tze f\u00fcr G\u00e4ste<\/a><\/p>\n<p>\u00dcber diese beiden Links \u00f6ffnen sich die Artikel aus Use Borger 2021, die auf eine Aktion des B\u00f6rger M\u00fchlenhofes, unweit der Weidenkirche und Aktionen von Nachbarschaften \u00fcberall im Ort hinweisen.<br \/>\nViel Spa\u00df beim Schm\u00f6kern.<\/p>\n","protected":false},"excerpt":{"rendered":"<p><p id=\"caption-attachment-10213\" class=\"wp-caption-text\">Narzissen (Tete a Tete) an der Weidenkirche zu Fr\u00fchlingsanfang 2022<\/p>\n<p>20.03.2022 UB &#8211; In unserer Jahresschrift 2021 haben wir zwei Artikel \u00fcber Aktivit\u00e4ten in unserer Gemeinde ver\u00f6ffentlicht, die auf klasse Aktivit\u00e4ten hinweisen. Diese sind unter folgenden Link noch einmal ersichtlich. In den letzten Wochen zeigt sich das Umfeld der Weidenkirche an der Stra\u00dfe &#8222;Zum [&#8230;]<\/p>\n","protected":false},"author":2,"featured_media":0,"comment_status":"closed","ping_status":"open","sticky":false,"template":"","format":"standard","meta":{"ngg_post_thumbnail":0,"footnotes":""},"categories":[3],"tags":[],"class_list":["post-10212","post","type-post","status-publish","format-standard","hentry","category-neuigkeiten","odd"],"_links":{"self":[{"href":"http:\/\/heimatverein.he-webpack.de\/index.php?rest_route=\/wp\/v2\/posts\/10212","targetHints":{"allow":["GET"]}}],"collection":[{"href":"http:\/\/heimatverein.he-webpack.de\/index.php?rest_route=\/wp\/v2\/posts"}],"about":[{"href":"http:\/\/heimatverein.he-webpack.de\/index.php?rest_route=\/wp\/v2\/types\/post"}],"author":[{"embeddable":true,"href":"http:\/\/heimatverein.he-webpack.de\/index.php?rest_route=\/wp\/v2\/users\/2"}],"replies":[{"embeddable":true,"href":"http:\/\/heimatverein.he-webpack.de\/index.php?rest_route=%2Fwp%2Fv2%2Fcomments&post=10212"}],"version-history":[{"count":8,"href":"http:\/\/heimatverein.he-webpack.de\/index.php?rest_route=\/wp\/v2\/posts\/10212\/revisions"}],"predecessor-version":[{"id":10218,"href":"http:\/\/heimatverein.he-webpack.de\/index.php?rest_route=\/wp\/v2\/posts\/10212\/revisions\/10218"}],"wp:attachment":[{"href":"http:\/\/heimatverein.he-webpack.de\/index.php?rest_route=%2Fwp%2Fv2%2Fmedia&parent=10212"}],"wp:term":[{"taxonomy":"category","embeddable":true,"href":"http:\/\/heimatverein.he-webpack.de\/index.php?rest_route=%2Fwp%2Fv2%2Fcategories&post=10212"},{"taxonomy":"post_tag","embeddable":true,"href":"http:\/\/heimatverein.he-webpack.de\/index.php?rest_route=%2Fwp%2Fv2%2Ftags&post=10212"}],"curies":[{"name":"wp","href":"https:\/\/api.w.org\/{rel}","templated":true}]}}