{"id":10197,"date":"2022-03-04T16:33:47","date_gmt":"2022-03-04T15:33:47","guid":{"rendered":"http:\/\/heimatverein.he-webpack.de\/?p=10197"},"modified":"2022-07-19T23:31:30","modified_gmt":"2022-07-19T21:31:30","slug":"mitgliederversammlung-2022","status":"publish","type":"post","link":"http:\/\/heimatverein.he-webpack.de\/?p=10197","title":{"rendered":"Mitgliederversammlung 2022"},"content":{"rendered":"<p><div id=\"attachment_10221\" style=\"width: 310px\" class=\"wp-caption alignright\"><a href=\"http:\/\/heimatverein.he-webpack.de\/wp-content\/uploads\/2022\/03\/Vorstand-1000.jpg\" rel=\"lightbox[10197]\"><img loading=\"lazy\" decoding=\"async\" aria-describedby=\"caption-attachment-10221\" src=\"http:\/\/heimatverein.he-webpack.de\/wp-content\/uploads\/2022\/03\/Vorstand-1000-300x182.jpg\" alt=\"\" width=\"300\" height=\"182\" class=\"size-medium wp-image-10221\" srcset=\"http:\/\/heimatverein.he-webpack.de\/wp-content\/uploads\/2022\/03\/Vorstand-1000-300x182.jpg 300w, http:\/\/heimatverein.he-webpack.de\/wp-content\/uploads\/2022\/03\/Vorstand-1000-768x465.jpg 768w, http:\/\/heimatverein.he-webpack.de\/wp-content\/uploads\/2022\/03\/Vorstand-1000-150x91.jpg 150w, http:\/\/heimatverein.he-webpack.de\/wp-content\/uploads\/2022\/03\/Vorstand-1000-400x242.jpg 400w, http:\/\/heimatverein.he-webpack.de\/wp-content\/uploads\/2022\/03\/Vorstand-1000.jpg 1000w\" sizes=\"auto, (max-width: 300px) 100vw, 300px\" \/><\/a><p id=\"caption-attachment-10221\" class=\"wp-caption-text\">Bericht des Vorstand auf der JHV<\/p><\/div>20.03.2022 UB &#8211; Auf der Mitgliederversammlung heute, wurde die Tagesordnung nach Plan abgearbeitet. Hermann Schmitz (kommissarisch noch Vorsitzender) begr\u00fc\u00dfte die zahlreich anwesenden G\u00e4ste. In einem kurzen R\u00fcckblick berichtete er von den Aktivit\u00e4ten von Oktober (letzte JHV) bis heute. Bedingt durch die pandemische Corona waren wenige Aktivit\u00e4ten zu verzeichnen. Kassenf\u00fchrer Heinz Oldiges berichtete von einem guten Kassenbestand. Ihm und dem gesamten Vorstand wurde eine ordentliche Arbeit von den Kassenpr\u00fcfern und von der Versammlung best\u00e4tigt. <\/p>\n<p>Bei den anschlie\u00dfenden Wahlen wurde Schriftf\u00fchrer Herm. Ubbenjans in seinem Amt best\u00e4tigt und ohne Gegenstimmen und einer Enthaltung f\u00fcr 2 Jahre wiedergew\u00e4hlt. Als G\u00e4ste des Abends war Hans Schwarte vom Gesamtvorstand und der Stellvertretende Vorsitzende Hans Gr\u00f6nloh vom Kreisheimatverein Aschendorf &#8211; H\u00fcmmling anwesend. Sie ehrten an diesem Nachmittag den langj\u00e4hrigen Schriftf\u00fchrer und Arbeitskreisleiter Geschichte <strong>Hermann Ubbenjans<\/strong> f\u00fcr \u00fcber 25 Jahre aktive Arbeit auf Ortsebene, auf Kreisebene und bei der Familienforschung mit der <strong>Silbernen Ehrennadel des Kreisheimatverein Aschendorf-H\u00fcmmling<\/strong>.<br \/>\n<div id=\"attachment_10337\" style=\"width: 310px\" class=\"wp-caption alignleft\"><a href=\"http:\/\/heimatverein.he-webpack.de\/wp-content\/uploads\/2022\/03\/Ehrung-UB800.jpg\" rel=\"lightbox[10197]\"><img loading=\"lazy\" decoding=\"async\" aria-describedby=\"caption-attachment-10337\" src=\"http:\/\/heimatverein.he-webpack.de\/wp-content\/uploads\/2022\/03\/Ehrung-UB800-300x222.jpg\" alt=\"\" width=\"300\" height=\"222\" class=\"size-medium wp-image-10337\" srcset=\"http:\/\/heimatverein.he-webpack.de\/wp-content\/uploads\/2022\/03\/Ehrung-UB800-300x222.jpg 300w, http:\/\/heimatverein.he-webpack.de\/wp-content\/uploads\/2022\/03\/Ehrung-UB800-768x568.jpg 768w, http:\/\/heimatverein.he-webpack.de\/wp-content\/uploads\/2022\/03\/Ehrung-UB800-150x111.jpg 150w, http:\/\/heimatverein.he-webpack.de\/wp-content\/uploads\/2022\/03\/Ehrung-UB800-400x296.jpg 400w, http:\/\/heimatverein.he-webpack.de\/wp-content\/uploads\/2022\/03\/Ehrung-UB800.jpg 800w\" sizes=\"auto, (max-width: 300px) 100vw, 300px\" \/><\/a><p id=\"caption-attachment-10337\" class=\"wp-caption-text\">Ehrung f\u00fcr langj\u00e4hrige Vorstandsarbeit von Hermann Ubbenjans<\/p><\/div><br \/>\nBei der Wahl zum Vorsitzenden (langj\u00e4hriger Erster Vorsitzender Hermann Schmitz hatte sich bei der letzten JHV im Okt. 2021 nicht wieder zur Wahl gestellt) gab es keinen Kandidaten. Alle vorgeschlagenen Mitglieder stellten sich nicht zur Wahl. Somit bleibt die Position des Ersten Vorsitzenden vakant. Aber der Vorstand wurde durch neue Beisitzer gest\u00e4rkt. Diese sollen einige Aufgaben \u00fcbernehmen.<\/p>\n<p> Mit Freude benannten die anwesenden Vereinsmitglieder einstimmig Henry van der Kamp und Johanna Terhalle zu Vorstandsmitgliedern des HV B\u00f6rger. Diese sollen sich erst einmal in die umfangreiche Arbeit im Verein ohne besondere Aufgabenbereiche einarbeiten. Es ist dringend erforderlich das der Verein verj\u00fcngt wird. J\u00e4hrlich sterben uns in die Jahre gekommene Mitglieder weg. In den letzten Jahren hat der Verein viele ganz aktive Mitglieder so verloren. Man denke an Gerd Hanekamp, Agnes Dirkes, Hans Geers und Walter Goldmann. Es m\u00fcssen j\u00fcngere Mitb\u00fcrger nachr\u00fccken um die Heimatarbeit leisten zu k\u00f6nnen. Denn die Arbeit des Heimatverein B\u00f6rger ist in der Gemeinde wichtiger denn je.<\/p>\n","protected":false},"excerpt":{"rendered":"<p><p id=\"caption-attachment-10221\" class=\"wp-caption-text\">Bericht des Vorstand auf der JHV<\/p>\n<p>20.03.2022 UB &#8211; Auf der Mitgliederversammlung heute, wurde die Tagesordnung nach Plan abgearbeitet. Hermann Schmitz (kommissarisch noch Vorsitzender) begr\u00fc\u00dfte die zahlreich anwesenden G\u00e4ste. In einem kurzen R\u00fcckblick berichtete er von den Aktivit\u00e4ten von Oktober (letzte JHV) bis heute. Bedingt durch die pandemische Corona waren wenige Aktivit\u00e4ten zu verzeichnen. [&#8230;]<\/p>\n","protected":false},"author":2,"featured_media":0,"comment_status":"closed","ping_status":"open","sticky":false,"template":"","format":"standard","meta":{"ngg_post_thumbnail":0,"footnotes":""},"categories":[3],"tags":[],"class_list":["post-10197","post","type-post","status-publish","format-standard","hentry","category-neuigkeiten","odd"],"_links":{"self":[{"href":"http:\/\/heimatverein.he-webpack.de\/index.php?rest_route=\/wp\/v2\/posts\/10197","targetHints":{"allow":["GET"]}}],"collection":[{"href":"http:\/\/heimatverein.he-webpack.de\/index.php?rest_route=\/wp\/v2\/posts"}],"about":[{"href":"http:\/\/heimatverein.he-webpack.de\/index.php?rest_route=\/wp\/v2\/types\/post"}],"author":[{"embeddable":true,"href":"http:\/\/heimatverein.he-webpack.de\/index.php?rest_route=\/wp\/v2\/users\/2"}],"replies":[{"embeddable":true,"href":"http:\/\/heimatverein.he-webpack.de\/index.php?rest_route=%2Fwp%2Fv2%2Fcomments&post=10197"}],"version-history":[{"count":22,"href":"http:\/\/heimatverein.he-webpack.de\/index.php?rest_route=\/wp\/v2\/posts\/10197\/revisions"}],"predecessor-version":[{"id":10220,"href":"http:\/\/heimatverein.he-webpack.de\/index.php?rest_route=\/wp\/v2\/posts\/10197\/revisions\/10220"}],"wp:attachment":[{"href":"http:\/\/heimatverein.he-webpack.de\/index.php?rest_route=%2Fwp%2Fv2%2Fmedia&parent=10197"}],"wp:term":[{"taxonomy":"category","embeddable":true,"href":"http:\/\/heimatverein.he-webpack.de\/index.php?rest_route=%2Fwp%2Fv2%2Fcategories&post=10197"},{"taxonomy":"post_tag","embeddable":true,"href":"http:\/\/heimatverein.he-webpack.de\/index.php?rest_route=%2Fwp%2Fv2%2Ftags&post=10197"}],"curies":[{"name":"wp","href":"https:\/\/api.w.org\/{rel}","templated":true}]}}