{"id":10166,"date":"2022-01-04T20:03:51","date_gmt":"2022-01-04T19:03:51","guid":{"rendered":"http:\/\/heimatverein.he-webpack.de\/?p=10166"},"modified":"2022-01-04T20:03:51","modified_gmt":"2022-01-04T19:03:51","slug":"neujahrsempfang-4","status":"publish","type":"post","link":"http:\/\/heimatverein.he-webpack.de\/?p=10166","title":{"rendered":"Neujahrsempfang"},"content":{"rendered":"<p>04.01.2022 UB &#8211; Die geplante Zusammenkunft, der Jahresempfang des HV am Sonntag den 09. Jan. 2022 im Heimathaus, mit dem Vorstand, Arbeitskreisleitern, verdienten Mitgliedern, Ratsmitgliedern, Bauhofangestellten, kirchlichen und schulischen Vertretern sowie der Gemeinde entf\u00e4llt aufgrund der anhaltenden Corona-Pandemie. Der Vorstand des HV B\u00f6rger dankt deshalb \u00fcber diesem Wege f\u00fcr die Hilfe bei den Aufgaben des Heimatverein B\u00f6rger. Einen besonderen Dank gilt der Gemeinde B\u00f6rger f\u00fcr die \u00dcberlassung des Heimathauses. <\/p>\n","protected":false},"excerpt":{"rendered":"<p>04.01.2022 UB &#8211; Die geplante Zusammenkunft, der Jahresempfang des HV am Sonntag den 09. Jan. 2022 im Heimathaus, mit dem Vorstand, Arbeitskreisleitern, verdienten Mitgliedern, Ratsmitgliedern, Bauhofangestellten, kirchlichen und schulischen Vertretern sowie der Gemeinde entf\u00e4llt aufgrund der anhaltenden Corona-Pandemie. Der Vorstand des HV B\u00f6rger dankt deshalb \u00fcber diesem Wege f\u00fcr die Hilfe bei den Aufgaben des [&#8230;]<\/p>\n","protected":false},"author":2,"featured_media":0,"comment_status":"closed","ping_status":"open","sticky":false,"template":"","format":"standard","meta":{"ngg_post_thumbnail":0,"footnotes":""},"categories":[3],"tags":[],"class_list":["post-10166","post","type-post","status-publish","format-standard","hentry","category-neuigkeiten","odd"],"_links":{"self":[{"href":"http:\/\/heimatverein.he-webpack.de\/index.php?rest_route=\/wp\/v2\/posts\/10166","targetHints":{"allow":["GET"]}}],"collection":[{"href":"http:\/\/heimatverein.he-webpack.de\/index.php?rest_route=\/wp\/v2\/posts"}],"about":[{"href":"http:\/\/heimatverein.he-webpack.de\/index.php?rest_route=\/wp\/v2\/types\/post"}],"author":[{"embeddable":true,"href":"http:\/\/heimatverein.he-webpack.de\/index.php?rest_route=\/wp\/v2\/users\/2"}],"replies":[{"embeddable":true,"href":"http:\/\/heimatverein.he-webpack.de\/index.php?rest_route=%2Fwp%2Fv2%2Fcomments&post=10166"}],"version-history":[{"count":2,"href":"http:\/\/heimatverein.he-webpack.de\/index.php?rest_route=\/wp\/v2\/posts\/10166\/revisions"}],"predecessor-version":[{"id":10168,"href":"http:\/\/heimatverein.he-webpack.de\/index.php?rest_route=\/wp\/v2\/posts\/10166\/revisions\/10168"}],"wp:attachment":[{"href":"http:\/\/heimatverein.he-webpack.de\/index.php?rest_route=%2Fwp%2Fv2%2Fmedia&parent=10166"}],"wp:term":[{"taxonomy":"category","embeddable":true,"href":"http:\/\/heimatverein.he-webpack.de\/index.php?rest_route=%2Fwp%2Fv2%2Fcategories&post=10166"},{"taxonomy":"post_tag","embeddable":true,"href":"http:\/\/heimatverein.he-webpack.de\/index.php?rest_route=%2Fwp%2Fv2%2Ftags&post=10166"}],"curies":[{"name":"wp","href":"https:\/\/api.w.org\/{rel}","templated":true}]}}