{"id":10090,"date":"2021-11-29T13:07:47","date_gmt":"2021-11-29T12:07:47","guid":{"rendered":"http:\/\/heimatverein.he-webpack.de\/?p=10090"},"modified":"2021-11-30T12:28:39","modified_gmt":"2021-11-30T11:28:39","slug":"langjaehriges-aktive-mitgliedschaft-im-arbeitskreis-geschichte","status":"publish","type":"post","link":"http:\/\/heimatverein.he-webpack.de\/?p=10090","title":{"rendered":"Ehrung f\u00fcr langj\u00e4hrigen Arbeitskreisleiter"},"content":{"rendered":"<p><div id=\"attachment_10091\" style=\"width: 210px\" class=\"wp-caption alignleft\"><a href=\"http:\/\/heimatverein.he-webpack.de\/wp-content\/uploads\/2021\/11\/Ehrung-Gebkenjans1000.jpg\" rel=\"lightbox[10090]\"><img loading=\"lazy\" decoding=\"async\" aria-describedby=\"caption-attachment-10091\" src=\"http:\/\/heimatverein.he-webpack.de\/wp-content\/uploads\/2021\/11\/Ehrung-Gebkenjans1000-200x150.jpg\" alt=\"\" width=\"200\" height=\"150\" class=\"size-thumbnail wp-image-10091\" \/><\/a><p id=\"caption-attachment-10091\" class=\"wp-caption-text\">Bernd Gebkenjans (li.) wurde vom Vorsitzenden des HV B\u00f6rger Hermann Schmitz geehrt.<\/p><\/div> 29.11.2021 UB &#8211; Seit Bestehen des Arbeitskreises Geschichte beim Heimatverein B\u00f6rger e. V. ist Bernd Gebkenjans dort engagiert, berichtete Hermann Schmitz in seiner Laudatio bei der Verleihung einer Dankes-Urkunde. Die Verleihung sollte im M\u00e4rz 2020 schon stattfinden. Die Corona Pandemie verhinderte jedoch Zusammenk\u00fcnfte, sodass man es nun nachholte. Bernd sei nach den Anfangsjahren \u00fcber 25 Jahre als Stellv. Leiter und Leiter des Arbeitskreise t\u00e4tig. In dieser Zeit entstanden unz\u00e4hlige Artikel, f\u00fcr die Bernd verantwortlich ist. F\u00fcr sein Engagement dankt der Heimatverein B\u00f6rger mit einer Urkunde. <\/p>\n<p>Die Schriftenreihe Use Borger entwickelte sich nach den Anfangsjahre 1991 bis 1995 zu einem beachteten Nachschlagewerk f\u00fcr die B\u00f6rger Geschichte. Es ist ein willkommenes Weihnachtsgeschenk f\u00fcr die &#8222;Butendarper&#8220; und &#8222;Darpsfr\u00f6nde&#8220;. Auf 160 bis 200 Seiten werden von der Arbeitsgruppe &#8222;Geschichte&#8220; j\u00e4hrlich Themen aus B\u00f6rger aufgearbeitet, um sie nicht in Vergessenheit geraten zu lassen. Wie sagte es &#8222;Smers Albt&#8220; vor Jahrzehnten: &#8222;Wi schrievet alles up, dat et bl\u00fcff&#8220;.<\/p>\n","protected":false},"excerpt":{"rendered":"<p><p id=\"caption-attachment-10091\" class=\"wp-caption-text\">Bernd Gebkenjans (li.) wurde vom Vorsitzenden des HV B\u00f6rger Hermann Schmitz geehrt.<\/p>\n<p> 29.11.2021 UB &#8211; Seit Bestehen des Arbeitskreises Geschichte beim Heimatverein B\u00f6rger e. V. ist Bernd Gebkenjans dort engagiert, berichtete Hermann Schmitz in seiner Laudatio bei der Verleihung einer Dankes-Urkunde. Die Verleihung sollte im M\u00e4rz 2020 schon stattfinden. Die Corona Pandemie verhinderte [&#8230;]<\/p>\n","protected":false},"author":2,"featured_media":0,"comment_status":"closed","ping_status":"open","sticky":false,"template":"","format":"standard","meta":{"ngg_post_thumbnail":0,"footnotes":""},"categories":[3],"tags":[],"class_list":["post-10090","post","type-post","status-publish","format-standard","hentry","category-neuigkeiten","odd"],"_links":{"self":[{"href":"http:\/\/heimatverein.he-webpack.de\/index.php?rest_route=\/wp\/v2\/posts\/10090","targetHints":{"allow":["GET"]}}],"collection":[{"href":"http:\/\/heimatverein.he-webpack.de\/index.php?rest_route=\/wp\/v2\/posts"}],"about":[{"href":"http:\/\/heimatverein.he-webpack.de\/index.php?rest_route=\/wp\/v2\/types\/post"}],"author":[{"embeddable":true,"href":"http:\/\/heimatverein.he-webpack.de\/index.php?rest_route=\/wp\/v2\/users\/2"}],"replies":[{"embeddable":true,"href":"http:\/\/heimatverein.he-webpack.de\/index.php?rest_route=%2Fwp%2Fv2%2Fcomments&post=10090"}],"version-history":[{"count":12,"href":"http:\/\/heimatverein.he-webpack.de\/index.php?rest_route=\/wp\/v2\/posts\/10090\/revisions"}],"predecessor-version":[{"id":10093,"href":"http:\/\/heimatverein.he-webpack.de\/index.php?rest_route=\/wp\/v2\/posts\/10090\/revisions\/10093"}],"wp:attachment":[{"href":"http:\/\/heimatverein.he-webpack.de\/index.php?rest_route=%2Fwp%2Fv2%2Fmedia&parent=10090"}],"wp:term":[{"taxonomy":"category","embeddable":true,"href":"http:\/\/heimatverein.he-webpack.de\/index.php?rest_route=%2Fwp%2Fv2%2Fcategories&post=10090"},{"taxonomy":"post_tag","embeddable":true,"href":"http:\/\/heimatverein.he-webpack.de\/index.php?rest_route=%2Fwp%2Fv2%2Ftags&post=10090"}],"curies":[{"name":"wp","href":"https:\/\/api.w.org\/{rel}","templated":true}]}}