{"id":10068,"date":"2021-11-28T22:55:36","date_gmt":"2021-11-28T21:55:36","guid":{"rendered":"http:\/\/heimatverein.he-webpack.de\/?p=10068"},"modified":"2021-12-06T01:11:46","modified_gmt":"2021-12-06T00:11:46","slug":"use-borger-2021-2","status":"publish","type":"post","link":"http:\/\/heimatverein.he-webpack.de\/?p=10068","title":{"rendered":"Use Borger 2021"},"content":{"rendered":"<p><div id=\"attachment_10069\" style=\"width: 210px\" class=\"wp-caption alignright\"><a href=\"http:\/\/heimatverein.he-webpack.de\/wp-content\/uploads\/2021\/11\/Vorstellung-Use-Bg-Vijay1000.jpg\" rel=\"lightbox[10068]\"><img loading=\"lazy\" decoding=\"async\" aria-describedby=\"caption-attachment-10069\" src=\"http:\/\/heimatverein.he-webpack.de\/wp-content\/uploads\/2021\/11\/Vorstellung-Use-Bg-Vijay1000-200x150.jpg\" alt=\"\" width=\"200\" height=\"150\" class=\"size-thumbnail wp-image-10069\" \/><\/a><p id=\"caption-attachment-10069\" class=\"wp-caption-text\">Pater Vijay, Pastor in B\u00f6rger und AK Leiter Bernd Gebkenjans<\/p><\/div>28.11.2021 UB &#8211; Bei einem Gr\u00fcnkohlessen am Samstag vor dem 1. Advent stellt der Heimatverein B\u00f6rger e.V. traditionsgem\u00e4\u00df die Jahresschriften vor. So auch in diesem Jahr. Pater Vijay \u00fcbernahm gestern abend das erste Exemplar der neuen Jahresschrift symbolisch f\u00fcr die Bev\u00f6lkerung. Zuvor hatte Bernd Gebkenjans das Buch den anwesenden G\u00e4sten vorgestellt. Es ist die 31. Ausgabe der Jahresschrift. <div id=\"attachment_10070\" style=\"width: 210px\" class=\"wp-caption alignleft\"><img loading=\"lazy\" decoding=\"async\" aria-describedby=\"caption-attachment-10070\" src=\"http:\/\/heimatverein.he-webpack.de\/wp-content\/uploads\/2021\/11\/\u00dcmkern-in-Schoule1200-200x150.jpg\" alt=\"\" width=\"200\" height=\"150\" class=\"size-thumbnail wp-image-10070\" \/><p id=\"caption-attachment-10070\" class=\"wp-caption-text\">Maira B\u00fcter (li.) und Julie Lindemann unterhielten die G\u00e4ste in Plattd\u00fctsk<\/p><\/div> Nach einem schmackhaftem Essen zu Beginn der Veranstaltung, die unter dem 2G-plus Reglung stattfand (18 Teilnehmer auf Abstand), unterhielten uns Sch\u00fcler der Grundschule B\u00f6rger mit einem &#8222;plattd\u00fctsken Vertellsel&#8220; \u00fcber ihre Arbeit mit &#8222;\u00dcmmen&#8220; und Alfons Kleine stimmte zum Mitsingen auf die Weihnachtszeit ein. <\/p>\n<p>Hauptthema dieser Ausgabe sind die religi\u00f6sen Vereine, Mitte bis Ende des 19. Jahrhunderts, in B\u00f6rger. Davon gab es eine ganze Reihe. Diese Vereine wurden von der Katholischen Kirche gef\u00f6rdert und unterst\u00fctzt. Dann stellen wir unver\u00f6ffentlichte Fotos aus den 1940er Jahren vor, die in und um B\u00f6rger gemacht wurden und uns \u00fcberlassen sind. Mit einer weiteren Bilddokumentation wird dem Aufbau des Heimathauses gedacht. Dann stellen wir die Dorftreffs und Pilgerrastpl\u00e4tze in B\u00f6rger vor, die auch mit Zusch\u00fcsse der Gemeinde entstanden. Dr. Remling vom Arbeitskreis Familienforschung der Emsl\u00e4ndischen Landschaft hat in den Ver\u00f6ffentlichungen des EHB AK Familienforschung \u00fcber die Auswanderung von Anton Gebkenjans, aus Spahn berichtet. Diese Geschichte wollen wir nat\u00fcrlich auch hier vorstellen. \u00dcberlieferungen (Geschichtssplitter), Gedichte und Bilder runden die Artikel ab. Im zweiten Teil des Buches sind wieder aktuelle Themen aufgegriffen worden und dokumentiert. Die B\u00fccher sind in B\u00f6rger bei der Volksbank, beim Einkaufsmarkt Funke, bei Fris\u00f6r Gerdes, der Hobbyscheune Ermes, der Gemeinde B\u00f6rger, sowie der OLB in S\u00f6gel und dem D\u00f6rpsladen in Spahnharrenst\u00e4tte, f\u00fcr 20,00 Euro zu bekommen. <\/p>\n","protected":false},"excerpt":{"rendered":"<p><p id=\"caption-attachment-10069\" class=\"wp-caption-text\">Pater Vijay, Pastor in B\u00f6rger und AK Leiter Bernd Gebkenjans<\/p>\n<p>28.11.2021 UB &#8211; Bei einem Gr\u00fcnkohlessen am Samstag vor dem 1. Advent stellt der Heimatverein B\u00f6rger e.V. traditionsgem\u00e4\u00df die Jahresschriften vor. So auch in diesem Jahr. Pater Vijay \u00fcbernahm gestern abend das erste Exemplar der neuen Jahresschrift symbolisch f\u00fcr die Bev\u00f6lkerung. Zuvor hatte Bernd [&#8230;]<\/p>\n","protected":false},"author":2,"featured_media":0,"comment_status":"closed","ping_status":"open","sticky":false,"template":"","format":"standard","meta":{"ngg_post_thumbnail":0,"footnotes":""},"categories":[3],"tags":[],"class_list":["post-10068","post","type-post","status-publish","format-standard","hentry","category-neuigkeiten","odd"],"_links":{"self":[{"href":"http:\/\/heimatverein.he-webpack.de\/index.php?rest_route=\/wp\/v2\/posts\/10068","targetHints":{"allow":["GET"]}}],"collection":[{"href":"http:\/\/heimatverein.he-webpack.de\/index.php?rest_route=\/wp\/v2\/posts"}],"about":[{"href":"http:\/\/heimatverein.he-webpack.de\/index.php?rest_route=\/wp\/v2\/types\/post"}],"author":[{"embeddable":true,"href":"http:\/\/heimatverein.he-webpack.de\/index.php?rest_route=\/wp\/v2\/users\/2"}],"replies":[{"embeddable":true,"href":"http:\/\/heimatverein.he-webpack.de\/index.php?rest_route=%2Fwp%2Fv2%2Fcomments&post=10068"}],"version-history":[{"count":16,"href":"http:\/\/heimatverein.he-webpack.de\/index.php?rest_route=\/wp\/v2\/posts\/10068\/revisions"}],"predecessor-version":[{"id":10072,"href":"http:\/\/heimatverein.he-webpack.de\/index.php?rest_route=\/wp\/v2\/posts\/10068\/revisions\/10072"}],"wp:attachment":[{"href":"http:\/\/heimatverein.he-webpack.de\/index.php?rest_route=%2Fwp%2Fv2%2Fmedia&parent=10068"}],"wp:term":[{"taxonomy":"category","embeddable":true,"href":"http:\/\/heimatverein.he-webpack.de\/index.php?rest_route=%2Fwp%2Fv2%2Fcategories&post=10068"},{"taxonomy":"post_tag","embeddable":true,"href":"http:\/\/heimatverein.he-webpack.de\/index.php?rest_route=%2Fwp%2Fv2%2Ftags&post=10068"}],"curies":[{"name":"wp","href":"https:\/\/api.w.org\/{rel}","templated":true}]}}